{"id":15797,"date":"2017-12-11T10:53:58","date_gmt":"2017-12-11T10:53:58","guid":{"rendered":"http:\/\/rurallascolonias.com.ar\/?p=15797"},"modified":"2017-12-11T16:55:39","modified_gmt":"2017-12-11T16:55:39","slug":"el-sector-agropecuario-sigue-siendo-el-que-paga-por-dardo-chiesa","status":"publish","type":"post","link":"http:\/\/rurallascolonias.com.ar\/?p=15797","title":{"rendered":"El sector agropecuario sigue siendo el que paga, por Dardo Chiesa"},"content":{"rendered":"<h3 class=\"text-muted\"><em><a href=\"http:\/\/rurallascolonias.com.ar\/?attachment_id=15798\" rel=\"attachment wp-att-15798\"><img loading=\"lazy\" class=\"aligncenter size-full wp-image-15798\" src=\"http:\/\/rurallascolonias.com.ar\/wp-content\/uploads\/2017\/12\/sector-agropecuario.jpg\" alt=\"\" width=\"640\" height=\"360\" srcset=\"http:\/\/rurallascolonias.com.ar\/wp-content\/uploads\/2017\/12\/sector-agropecuario.jpg 640w, http:\/\/rurallascolonias.com.ar\/wp-content\/uploads\/2017\/12\/sector-agropecuario-300x169.jpg 300w, http:\/\/rurallascolonias.com.ar\/wp-content\/uploads\/2017\/12\/sector-agropecuario-600x338.jpg 600w, http:\/\/rurallascolonias.com.ar\/wp-content\/uploads\/2017\/12\/sector-agropecuario-624x351.jpg 624w\" sizes=\"(max-width: 640px) 100vw, 640px\" \/><\/a>Las tan ansiadas reformas anunciadas por el presidente Mauricio Macri en el CCK parec\u00edan llevar aire fresco para el sector agropecuario&#8230;<\/em><\/h3>\n<p><!--more--><\/p>\n<p>Pero en el detalle, han sido s\u00f3lo palabras y cuando nos acercamos a los bocetos y las reformas, junto a las \u00faltimas acciones que han tomado desde el gobierno tanto nacional como bonaerense, por ejemplo, vemos que el sector agropecuario sigue siendo el que paga.<\/p>\n<p>Es el momento de hablar de la responsabilidad fiscal, de la inflaci\u00f3n y los impuestos. Esto no es negociable. Hay que reducir la carga tributaria. La Argentina debe dise\u00f1ar un sistema de impuestos equitativos.<\/p>\n<p>El impuesto inmobiliario rural en la provincia de Buenos Aires, aumenta en promedio un 50%; en C\u00f3rdoba, un 38%, y en San Luis, un aumento semejante: 40%. Si se reval\u00faa tomando un incremento promedio del 50% de una \u00fanica vez, sin un escalonamiento que permita reacomodar el sistema productivo, el golpe va directo al bolsillo del sector y les quita capacidad de reinversi\u00f3n a todos y en algunos casos la imposibilidad del pago, con las consecuencias de punitorios. Los tiempos biol\u00f3gicos tienen una din\u00e1mica que no parecen entender los entes recaudadores.<\/p>\n<p>No est\u00e1 contemplado en la reforma el ajuste por inflaci\u00f3n, lo que lleva al productor a descapitalizarse para pagar impuestos. Tampoco se resuelve el sistema de percepciones y anticipos a los que es sometido el productor por la presunci\u00f3n de evasor.<\/p>\n<p>Por otra parte, los aumentos de combustibles. El \u00faltimo aumento responde al 4,5%; esto autorizado por el aumento de biocombustibles, b\u00e1sicamente biodi\u00e9sel para apaciguar la ca\u00edda de las exportaciones. Este aumento repercute en 2100 millones de pesos extras. Desde diciembre de 2016, ya tenemos 13.000 millones de pesos en aumentos de combustible sobre la campa\u00f1a agr\u00edcola.<\/p>\n<p>De ese n\u00famero, un 64% responde a la cuesti\u00f3n impositiva del gasoil, y este es un insumo constante para el sector. Entonces impacta de lleno en el bolsillo del productor, el cual es uno solo.<\/p>\n<p>Junto a todo esto, se suman las tasas viales y el escalonamiento de impuestos Naci\u00f3n-provincia-municipio, que afectan claramente al sector.<\/p>\n<p>Sumado a estos aumentos, la burocracia tampoco cede, y la AFIP prorrog\u00f3 el TIRE (Registro Fiscal de Tierras Rurales Explotadas) con vencimiento ahora para cargar los datos de los productores y empresarios alcanzados por la norma el pr\u00f3ximo 31 de diciembre. Creado por resoluci\u00f3n general AFIP 4096\/2017 con el objetivo de optimizar la relaci\u00f3n f\u00edsico-contribuyente y facilitar el cumplimiento de las obligaciones por parte de los responsables. Este es un nuevo registro que se superpone en muchos rubros al Renspa, que deber\u00eda ser el \u00fanico que atienda al sector y tener acceso p\u00fablico para su consulta.<\/p>\n<p>La creaci\u00f3n de un nuevo registro sin la eliminaci\u00f3n de otros va en sentido contrario a lo que dijo el Presidente. Para el productor agropecuario es una nueva carga. De esta manera, no nos queda otro camino que entrar en ritmo de colisi\u00f3n.<\/p>\n<p><i>El autor es presidente de Confederaciones Rurales Argentinas (CRA)<\/i><\/p>\n","protected":false},"excerpt":{"rendered":"<p>Las tan ansiadas reformas anunciadas por el presidente Mauricio Macri en el CCK parec\u00edan llevar aire fresco para el sector agropecuario&#8230;<\/p>\n","protected":false},"author":5,"featured_media":0,"comment_status":"open","ping_status":"open","sticky":false,"template":"","format":"standard","meta":[],"categories":[29],"tags":[2355,198],"_links":{"self":[{"href":"http:\/\/rurallascolonias.com.ar\/index.php?rest_route=\/wp\/v2\/posts\/15797"}],"collection":[{"href":"http:\/\/rurallascolonias.com.ar\/index.php?rest_route=\/wp\/v2\/posts"}],"about":[{"href":"http:\/\/rurallascolonias.com.ar\/index.php?rest_route=\/wp\/v2\/types\/post"}],"author":[{"embeddable":true,"href":"http:\/\/rurallascolonias.com.ar\/index.php?rest_route=\/wp\/v2\/users\/5"}],"replies":[{"embeddable":true,"href":"http:\/\/rurallascolonias.com.ar\/index.php?rest_route=%2Fwp%2Fv2%2Fcomments&post=15797"}],"version-history":[{"count":1,"href":"http:\/\/rurallascolonias.com.ar\/index.php?rest_route=\/wp\/v2\/posts\/15797\/revisions"}],"predecessor-version":[{"id":15799,"href":"http:\/\/rurallascolonias.com.ar\/index.php?rest_route=\/wp\/v2\/posts\/15797\/revisions\/15799"}],"wp:attachment":[{"href":"http:\/\/rurallascolonias.com.ar\/index.php?rest_route=%2Fwp%2Fv2%2Fmedia&parent=15797"}],"wp:term":[{"taxonomy":"category","embeddable":true,"href":"http:\/\/rurallascolonias.com.ar\/index.php?rest_route=%2Fwp%2Fv2%2Fcategories&post=15797"},{"taxonomy":"post_tag","embeddable":true,"href":"http:\/\/rurallascolonias.com.ar\/index.php?rest_route=%2Fwp%2Fv2%2Ftags&post=15797"}],"curies":[{"name":"wp","href":"https:\/\/api.w.org\/{rel}","templated":true}]}}