{"id":15771,"date":"2017-12-05T17:03:57","date_gmt":"2017-12-05T17:03:57","guid":{"rendered":"http:\/\/rurallascolonias.com.ar\/?p=15771"},"modified":"2017-12-05T17:03:57","modified_gmt":"2017-12-05T17:03:57","slug":"reprogramada-fiesta-del-asado-criollo","status":"publish","type":"post","link":"http:\/\/rurallascolonias.com.ar\/?p=15771","title":{"rendered":"REPROGRAMADA: FIESTA DEL ASADO CRIOLLO"},"content":{"rendered":"<p><em><strong><a href=\"http:\/\/rurallascolonias.com.ar\/?attachment_id=15772\" rel=\"attachment wp-att-15772\"><img loading=\"lazy\" class=\"aligncenter size-full wp-image-15772\" src=\"http:\/\/rurallascolonias.com.ar\/wp-content\/uploads\/2017\/12\/IMG-20171205-WA0020.jpg\" alt=\"\" width=\"270\" height=\"382\" srcset=\"http:\/\/rurallascolonias.com.ar\/wp-content\/uploads\/2017\/12\/IMG-20171205-WA0020.jpg 270w, http:\/\/rurallascolonias.com.ar\/wp-content\/uploads\/2017\/12\/IMG-20171205-WA0020-212x300.jpg 212w\" sizes=\"(max-width: 270px) 100vw, 270px\" \/><\/a>El pr\u00f3ximo domingo 10 de diciembre se realizar\u00e1 en instalaciones del Predio Rural Las Colonias la fiesta del asado criollo a la estaca que hab\u00eda sido suspendida por las inclemencias clim\u00e1ticas<\/strong><\/em><!--more--><\/p>\n","protected":false},"excerpt":{"rendered":"<p>El pr\u00f3ximo domingo 10 de diciembre se realizar\u00e1 en instalaciones del Predio Rural Las Colonias la fiesta del asado criollo a la estaca que hab\u00eda sido suspendida por las inclemencias clim\u00e1ticas<\/p>\n","protected":false},"author":5,"featured_media":0,"comment_status":"open","ping_status":"open","sticky":false,"template":"","format":"standard","meta":[],"categories":[1],"tags":[],"_links":{"self":[{"href":"http:\/\/rurallascolonias.com.ar\/index.php?rest_route=\/wp\/v2\/posts\/15771"}],"collection":[{"href":"http:\/\/rurallascolonias.com.ar\/index.php?rest_route=\/wp\/v2\/posts"}],"about":[{"href":"http:\/\/rurallascolonias.com.ar\/index.php?rest_route=\/wp\/v2\/types\/post"}],"author":[{"embeddable":true,"href":"http:\/\/rurallascolonias.com.ar\/index.php?rest_route=\/wp\/v2\/users\/5"}],"replies":[{"embeddable":true,"href":"http:\/\/rurallascolonias.com.ar\/index.php?rest_route=%2Fwp%2Fv2%2Fcomments&post=15771"}],"version-history":[{"count":1,"href":"http:\/\/rurallascolonias.com.ar\/index.php?rest_route=\/wp\/v2\/posts\/15771\/revisions"}],"predecessor-version":[{"id":15773,"href":"http:\/\/rurallascolonias.com.ar\/index.php?rest_route=\/wp\/v2\/posts\/15771\/revisions\/15773"}],"wp:attachment":[{"href":"http:\/\/rurallascolonias.com.ar\/index.php?rest_route=%2Fwp%2Fv2%2Fmedia&parent=15771"}],"wp:term":[{"taxonomy":"category","embeddable":true,"href":"http:\/\/rurallascolonias.com.ar\/index.php?rest_route=%2Fwp%2Fv2%2Fcategories&post=15771"},{"taxonomy":"post_tag","embeddable":true,"href":"http:\/\/rurallascolonias.com.ar\/index.php?rest_route=%2Fwp%2Fv2%2Ftags&post=15771"}],"curies":[{"name":"wp","href":"https:\/\/api.w.org\/{rel}","templated":true}]}}