{"id":15743,"date":"2017-11-30T16:09:14","date_gmt":"2017-11-30T16:09:14","guid":{"rendered":"http:\/\/rurallascolonias.com.ar\/?p=15743"},"modified":"2017-11-30T16:09:14","modified_gmt":"2017-11-30T16:09:14","slug":"carsfe-rechaza-la-suba-del-inmobiliario-los-productores-no-aceptan-mas-carga-impositiva","status":"publish","type":"post","link":"http:\/\/rurallascolonias.com.ar\/?p=15743","title":{"rendered":"CARSFE rechaza la suba del inmobiliario: \u201clos productores no aceptan m\u00e1s carga impositiva\u201d"},"content":{"rendered":"<h2><em><a href=\"http:\/\/rurallascolonias.com.ar\/?attachment_id=392\" rel=\"attachment wp-att-392\"><img loading=\"lazy\" class=\"aligncenter size-full wp-image-392\" src=\"http:\/\/rurallascolonias.com.ar\/wp-content\/uploads\/2013\/12\/Carsfe-2.png\" alt=\"\" width=\"251\" height=\"183\" \/><\/a>El presidente de la entidad que nuclea a las asociaciones rurales de Santa Fe, Carlos Castagnani, se quej\u00f3 de la iniciativa del Gobierno provincial. \u201cLa situaci\u00f3n es asfixiante\u201d, afirm\u00f3<\/em><\/h2>\n<p><!--more--><\/p>\n<p style=\"font-weight: 400;\">El Gobierno de la provincia de Santa Fe analiza una suba del impuesto Inmobiliario Rural que oscilar\u00eda entre el 25 y el 30%. La iniciativa gener\u00f3 pol\u00e9mica y desde la Confederaci\u00f3n de Asociaciones Rurales de Santa Fe (CARSFE) rechazan la medida. \u201cEstamos muy firmes representado a productores que no aceptan m\u00e1s carga impositiva\u201d, asegur\u00f3 en di\u00e1logo con ADN Rural su presidente, Carlos Castagnani.<\/p>\n<p style=\"font-weight: 400;\">Uno de los puntos del proyecto que maneja el ministerio de Econom\u00eda de la provincia, a cargo de Gonzalo Saglione, contempla la figura del \u201cgran propietario\u201d. Castagnani mostr\u00f3 su disconformidad respecto a ello: \u201csi bien reconocemos que el valor promedio est\u00e1 en los $111 \u2013 $115, hay una disparidad enorme porque en Rosario hay gente que est\u00e1 pagando $1.700 por hect\u00e1rea y con un agravante como la tasa por hect\u00e1rea que se cobra; realmente es una carga important\u00edsima\u201d.<\/p>\n<p style=\"font-weight: 400;\">Por \u00faltimo, indic\u00f3: \u201cde manera individual cada impuesto no es significativo, pero cuando sumas la cantidad de impuestos y la superposici\u00f3n que hay, la carga impositiva es asfixiante. Nosotros cre\u00edamos que el pacto fiscal ser\u00eda beneficioso para todos y lo que vemos es que cada pacto perjudica a nuestro sector\u201d.<\/p>\n<p style=\"font-weight: 400;\"><strong>Fuente: Nuestro Agro<\/strong><\/p>\n","protected":false},"excerpt":{"rendered":"<p>El presidente de la entidad que nuclea a las asociaciones rurales de Santa Fe, Carlos Castagnani, se quej\u00f3 de la iniciativa del Gobierno provincial. \u201cLa situaci\u00f3n es asfixiante\u201d, afirm\u00f3<\/p>\n","protected":false},"author":5,"featured_media":0,"comment_status":"open","ping_status":"open","sticky":false,"template":"","format":"standard","meta":[],"categories":[1],"tags":[],"_links":{"self":[{"href":"http:\/\/rurallascolonias.com.ar\/index.php?rest_route=\/wp\/v2\/posts\/15743"}],"collection":[{"href":"http:\/\/rurallascolonias.com.ar\/index.php?rest_route=\/wp\/v2\/posts"}],"about":[{"href":"http:\/\/rurallascolonias.com.ar\/index.php?rest_route=\/wp\/v2\/types\/post"}],"author":[{"embeddable":true,"href":"http:\/\/rurallascolonias.com.ar\/index.php?rest_route=\/wp\/v2\/users\/5"}],"replies":[{"embeddable":true,"href":"http:\/\/rurallascolonias.com.ar\/index.php?rest_route=%2Fwp%2Fv2%2Fcomments&post=15743"}],"version-history":[{"count":1,"href":"http:\/\/rurallascolonias.com.ar\/index.php?rest_route=\/wp\/v2\/posts\/15743\/revisions"}],"predecessor-version":[{"id":15744,"href":"http:\/\/rurallascolonias.com.ar\/index.php?rest_route=\/wp\/v2\/posts\/15743\/revisions\/15744"}],"wp:attachment":[{"href":"http:\/\/rurallascolonias.com.ar\/index.php?rest_route=%2Fwp%2Fv2%2Fmedia&parent=15743"}],"wp:term":[{"taxonomy":"category","embeddable":true,"href":"http:\/\/rurallascolonias.com.ar\/index.php?rest_route=%2Fwp%2Fv2%2Fcategories&post=15743"},{"taxonomy":"post_tag","embeddable":true,"href":"http:\/\/rurallascolonias.com.ar\/index.php?rest_route=%2Fwp%2Fv2%2Ftags&post=15743"}],"curies":[{"name":"wp","href":"https:\/\/api.w.org\/{rel}","templated":true}]}}