{"id":15699,"date":"2017-11-22T16:01:01","date_gmt":"2017-11-22T16:01:01","guid":{"rendered":"http:\/\/rurallascolonias.com.ar\/?p=15699"},"modified":"2017-11-22T16:01:01","modified_gmt":"2017-11-22T16:01:01","slug":"etchevehere-asumio-formalmente-en-agroindustria-con-cambios-en-su-gabinete","status":"publish","type":"post","link":"http:\/\/rurallascolonias.com.ar\/?p=15699","title":{"rendered":"Etchevehere asumi\u00f3 formalmente en Agroindustria con cambios en su Gabinete"},"content":{"rendered":"<h2><em><a href=\"http:\/\/rurallascolonias.com.ar\/?attachment_id=15700\" rel=\"attachment wp-att-15700\"><img loading=\"lazy\" class=\"aligncenter size-full wp-image-15700\" src=\"http:\/\/rurallascolonias.com.ar\/wp-content\/uploads\/2017\/11\/asuncionetche-2.jpeg\" alt=\"\" width=\"749\" height=\"421\" srcset=\"http:\/\/rurallascolonias.com.ar\/wp-content\/uploads\/2017\/11\/asuncionetche-2.jpeg 749w, http:\/\/rurallascolonias.com.ar\/wp-content\/uploads\/2017\/11\/asuncionetche-2-300x169.jpeg 300w, http:\/\/rurallascolonias.com.ar\/wp-content\/uploads\/2017\/11\/asuncionetche-2-600x337.jpeg 600w, http:\/\/rurallascolonias.com.ar\/wp-content\/uploads\/2017\/11\/asuncionetche-2-624x351.jpeg 624w\" sizes=\"(max-width: 749px) 100vw, 749px\" \/><\/a>El presidente Mauricio Macri le tom\u00f3 juramento al ex presidente de la SRA. Adem\u00e1s, se conocieron los flamantes funcionarios que integrar\u00e1n su Gabinete. Ricardo Negri y N\u00e9stor Roulet fueron desplazados de sus cargos<\/em><\/h2>\n<p><!--more--><\/p>\n<p style=\"font-weight: 400;\">El presidente Mauricio Macri tom\u00f3 juramento en el Sal\u00f3n Blanco de la Casa Rosada al nuevo ministro de Agroindustria Luis Miguel Etchevehere, que reemplazar\u00e1 en el puesto a Ricardo Buryaile.<\/p>\n<p style=\"font-weight: 400;\">\u00a0La ceremonia cont\u00f3 con la participaci\u00f3n de la vicepresidente Gabriela Michetti, el jefe de Gabinete, Marcos Pe\u00f1a, el presidente provisional del Senado, Federico Pinedo, el titular de la C\u00e1mara de Diputados, Emilio Monz\u00f3 y ministros y secretarios de Estado.<\/p>\n<p style=\"font-weight: 400;\">\u00a0Macri expres\u00f3 su agradecimiento al ministro saliente y se\u00f1al\u00f3 que\u00a0este camino de \u00abtransformaciones permanentes\u00bb que puso en marcha el Gobierno \u00abes como una carrera permanente de postas, donde cada uno va llevando un poco m\u00e1s adelante esta tarea, poniendo lo mejor de cada uno de nosotros\u00bb.<\/p>\n<p style=\"font-weight: 400;\">Y agreg\u00f3:\u00bby los que llegan vienen a edificar sobre lo bueno hecho y a agregarle otras cosas, porque claramente la Argentina lo necesita. Es un pa\u00eds que viene de m\u00e1s atr\u00e1s, que va a recuperar el tiempo perdido. Con ese esp\u00edritu\u00a0 es que hoy se incorporan nuevos ministros\u00bb, agreg\u00f3.<\/p>\n<p style=\"font-weight: 400;\">El gabinete del nuevo Ministro qued\u00f3 conformado de la siguiente manera:<\/p>\n<p style=\"font-weight: 400;\"><strong>Presidente del INTA<\/strong>: Juan Balb\u00edn<\/p>\n<p style=\"font-weight: 400;\"><strong>Presidente del Senasa<\/strong>: Ricardo Negri (h)<\/p>\n<p style=\"font-weight: 400;\"><strong>Jefe de Gabinete<\/strong>: Santiago del Solar Dorrego<\/p>\n<p style=\"font-weight: 400;\"><strong>Secretario de Agricultura, Ganader\u00eda y Pesca<\/strong>: Guillermo Bernaudo<\/p>\n<p style=\"font-weight: 400;\"><strong>Secretaria de Mercados Agroindustriales<\/strong>: Marisa Bircher<\/p>\n<p style=\"font-weight: 400;\"><strong>Secretario de Agricultura Familiar y Coordinaci\u00f3n de Desarrollo Territorial<\/strong>: Santiago Hardie<\/p>\n<p style=\"font-weight: 400;\"><strong>Director Nacional de Fortalecimiento Institucional y apoyo a las organizaciones de la Agricultura Familiar<\/strong>: Julio Curr\u00e1s<\/p>\n<p style=\"font-weight: 400;\"><strong>Coordinador de Cambio Rural<\/strong>: Patricio Quinos<\/p>\n<p style=\"font-weight: 400;\"><strong>Subsecretario de Coordinaci\u00f3n T\u00e9cnica y Administrativa<\/strong>: Juan Miguens<\/p>\n<p style=\"font-weight: 400;\"><strong>Subsecretario de Comunicaci\u00f3n Institucional<\/strong>: Santiago Moreno Hueyo<\/p>\n<p style=\"font-weight: 400;\">&#8211;<strong>Secretar\u00eda de Agregado de Valor<\/strong>: se informar\u00e1 en los pr\u00f3ximos d\u00edas<\/p>\n<p style=\"font-weight: 400;\"><strong>Fuente: Nuestro Agro<\/strong><\/p>\n","protected":false},"excerpt":{"rendered":"<p>El presidente Mauricio Macri le tom\u00f3 juramento al ex presidente de la SRA. Adem\u00e1s, se conocieron los flamantes funcionarios que integrar\u00e1n su Gabinete. Ricardo Negri y N\u00e9stor Roulet fueron desplazados de sus cargos<\/p>\n","protected":false},"author":5,"featured_media":0,"comment_status":"open","ping_status":"open","sticky":false,"template":"","format":"standard","meta":[],"categories":[14,33],"tags":[4009,4008],"_links":{"self":[{"href":"http:\/\/rurallascolonias.com.ar\/index.php?rest_route=\/wp\/v2\/posts\/15699"}],"collection":[{"href":"http:\/\/rurallascolonias.com.ar\/index.php?rest_route=\/wp\/v2\/posts"}],"about":[{"href":"http:\/\/rurallascolonias.com.ar\/index.php?rest_route=\/wp\/v2\/types\/post"}],"author":[{"embeddable":true,"href":"http:\/\/rurallascolonias.com.ar\/index.php?rest_route=\/wp\/v2\/users\/5"}],"replies":[{"embeddable":true,"href":"http:\/\/rurallascolonias.com.ar\/index.php?rest_route=%2Fwp%2Fv2%2Fcomments&post=15699"}],"version-history":[{"count":1,"href":"http:\/\/rurallascolonias.com.ar\/index.php?rest_route=\/wp\/v2\/posts\/15699\/revisions"}],"predecessor-version":[{"id":15701,"href":"http:\/\/rurallascolonias.com.ar\/index.php?rest_route=\/wp\/v2\/posts\/15699\/revisions\/15701"}],"wp:attachment":[{"href":"http:\/\/rurallascolonias.com.ar\/index.php?rest_route=%2Fwp%2Fv2%2Fmedia&parent=15699"}],"wp:term":[{"taxonomy":"category","embeddable":true,"href":"http:\/\/rurallascolonias.com.ar\/index.php?rest_route=%2Fwp%2Fv2%2Fcategories&post=15699"},{"taxonomy":"post_tag","embeddable":true,"href":"http:\/\/rurallascolonias.com.ar\/index.php?rest_route=%2Fwp%2Fv2%2Ftags&post=15699"}],"curies":[{"name":"wp","href":"https:\/\/api.w.org\/{rel}","templated":true}]}}