{"id":15686,"date":"2017-11-21T16:22:15","date_gmt":"2017-11-21T16:22:15","guid":{"rendered":"http:\/\/rurallascolonias.com.ar\/?p=15686"},"modified":"2017-11-21T16:22:15","modified_gmt":"2017-11-21T16:22:15","slug":"cambios-en-agroindustria-entre-la-llegada-de-etchevehere-y-el-portazo-de-buryaile","status":"publish","type":"post","link":"http:\/\/rurallascolonias.com.ar\/?p=15686","title":{"rendered":"Cambios en Agroindustria, entre la llegada de Etchevehere y el portazo de Buryaile"},"content":{"rendered":"<p><strong><em><a href=\"http:\/\/rurallascolonias.com.ar\/?attachment_id=15687\" rel=\"attachment wp-att-15687\"><img loading=\"lazy\" class=\"aligncenter size-full wp-image-15687\" src=\"http:\/\/rurallascolonias.com.ar\/wp-content\/uploads\/2017\/11\/Cambios-en-Agroindustria-300x300.jpg\" alt=\"\" width=\"300\" height=\"300\" srcset=\"http:\/\/rurallascolonias.com.ar\/wp-content\/uploads\/2017\/11\/Cambios-en-Agroindustria-300x300.jpg 300w, http:\/\/rurallascolonias.com.ar\/wp-content\/uploads\/2017\/11\/Cambios-en-Agroindustria-300x300-150x150.jpg 150w\" sizes=\"(max-width: 300px) 100vw, 300px\" \/><\/a>Hoy martes asume Luis Miguel Etchevehere al frente del ministerio. Las razones de Buryaile para no ser embajador ente la Uni\u00f3n Europea<\/em><\/strong><!--more--><\/p>\n<p>Marcos Pe\u00f1a asumi\u00f3 la dif\u00edcil tarea de decirle a Ricardo Buryaile que su ciclo como ministro de Agroindustria estaba cumplido. Fue el 30 de octubre, el mismo d\u00eda que se relanzaba el Gobierno en el CCK. Cuentan que con modos piadosos, el Jefe de Gabinete le ofreci\u00f3 entonces tres embajadas, la de Estados Unidos, la de Par\u00eds y la de la Uni\u00f3n europea. Buryaile se inclin\u00f3 por Bruselas, ya que acababa de negociar con Europa el reingreso del biodi\u00e9sel en el que es el mejor pergamino de su gesti\u00f3n. Pero no le result\u00f3 sencillo olvidar el mal trago en lo que ley\u00f3 como un doble destierro, como ministro y tambi\u00e9n de su aspiraci\u00f3n pol\u00edtica de convertirse en gobernador de su Formosa natal. \u201cQued\u00f3 muy dolido\u201d, deslizaron sis \u00edntimos y esa inc\u00f3moda sensaci\u00f3n fue creciendo con los d\u00edas hasta que el \u00faltimo jueves entreg\u00f3 en Jefatura de Gabinete el balance de su administraci\u00f3n y la renuncia a convertirse en embajador. Pese, a que ya hab\u00eda avanzado con el aliento del canciller Faurie en la mayor\u00eda de los tr\u00e1mites.<\/p>\n<p>En todo este tiempo, Buryaile nunca se vio con el presidente Macri y tampoco lo ver\u00e1 ma\u00f1ana en la ceremonia de asunci\u00f3n de Luis Miguel Etchevehere en el cargo. Buryaile, como antes lo hicieron Alfonso Prat Gay y Susana Malcorra, no asistir\u00e1 a la ceremonia prevista a las 14,30 en la Casa Rosada. \u00bfSu plan? Convertirse en diputado en 2019 y pelear la gobernaci\u00f3n en 2023. Cuenta con aliados para la tarea como el flamante legislador formose\u00f1o, Mario Arce.<\/p>\n<p>Entretanto, la actividad de Luis Miguel Etchevehere es fren\u00e9tica. No solo ha participado en estos d\u00edas en reuniones en Agroindustria para una transici\u00f3n ordenada. Como le dejaron las manos libres est\u00e1 armando el equipo que lo acompa\u00f1ar\u00e1.<\/p>\n<p>El ex presidente de la Rural se puso al frente de todo, y ya dej\u00f3 de ser un secreto quienes lo secundar\u00e1n en la tarea. Por lo pronto, Ricardo Negri, el referente agropecuario de la Fundaci\u00f3n Pensar, actual n\u00famero dos del ministerio, ir\u00e1 al estrat\u00e9gico Senasa encargado de la sanidad animal, un organismo que despertaba dudas y reproches por parte de Gustavo Lopetegui, el coordinador del \u00e1rea desde Jefatura de Gabinete. Un dato curioso es que Jorge Dillon, su actual presidente, fue puesto en el cargo por quien ahora lo reemplaza.<\/p>\n<p>Etchevehere parece haber optado por un delicado equilibrio entre los cuadros de la macrista fundaci\u00f3n Pensar y los t\u00e9cnicos de los grupos Crea, adem\u00e1s de contar con aliados inesperados como el reci\u00e9n designado director en el Banco Naci\u00f3n, Guillermo Bernaudo cuya jefa pol\u00edtica es Patricia Bullrich que regresar\u00eda al ministerio como secretario de Agricultura.<\/p>\n<p>El nuevo Jefe de Gabinete ser\u00e1 Santiago del Solar, importante productor agropecuario, ex Crea y que ingres\u00f3 impulsado por Etchevehere como director a la Sociedad Rural para dotarla de aires de renovaci\u00f3n y a quien se mencionaba como posible futuro presidente de la entidad. Juan Balb\u00edn, otro ex Crea ir\u00e1 al INTA. Anoche no estaba definido quien manejar\u00eda Ganader\u00eda y Lecher\u00eda. Aunque todas las miradas se dirig\u00edan a David Lacroze, el referente presidencial en la Mesa de Carnes. Lo que se inform\u00f3 es que el arranque de Etchevehere es a toda velocidad. El mismo martes se re\u00fane la mesa foresto industrial con el Mauricio Macri. El jueves es el turno de la mesa lechera.<\/p>\n<p>Autor: Silvia Naishtat<br \/>\nFuente: CLAR\u00cdN<\/p>\n","protected":false},"excerpt":{"rendered":"<p>Hoy martes asume Luis Miguel Etchevehere al frente del ministerio. Las razones de Buryaile para no ser embajador ente la Uni\u00f3n Europea<\/p>\n","protected":false},"author":5,"featured_media":0,"comment_status":"open","ping_status":"open","sticky":false,"template":"","format":"standard","meta":[],"categories":[42],"tags":[2115,3064,928,2143,4001,3043],"_links":{"self":[{"href":"http:\/\/rurallascolonias.com.ar\/index.php?rest_route=\/wp\/v2\/posts\/15686"}],"collection":[{"href":"http:\/\/rurallascolonias.com.ar\/index.php?rest_route=\/wp\/v2\/posts"}],"about":[{"href":"http:\/\/rurallascolonias.com.ar\/index.php?rest_route=\/wp\/v2\/types\/post"}],"author":[{"embeddable":true,"href":"http:\/\/rurallascolonias.com.ar\/index.php?rest_route=\/wp\/v2\/users\/5"}],"replies":[{"embeddable":true,"href":"http:\/\/rurallascolonias.com.ar\/index.php?rest_route=%2Fwp%2Fv2%2Fcomments&post=15686"}],"version-history":[{"count":1,"href":"http:\/\/rurallascolonias.com.ar\/index.php?rest_route=\/wp\/v2\/posts\/15686\/revisions"}],"predecessor-version":[{"id":15688,"href":"http:\/\/rurallascolonias.com.ar\/index.php?rest_route=\/wp\/v2\/posts\/15686\/revisions\/15688"}],"wp:attachment":[{"href":"http:\/\/rurallascolonias.com.ar\/index.php?rest_route=%2Fwp%2Fv2%2Fmedia&parent=15686"}],"wp:term":[{"taxonomy":"category","embeddable":true,"href":"http:\/\/rurallascolonias.com.ar\/index.php?rest_route=%2Fwp%2Fv2%2Fcategories&post=15686"},{"taxonomy":"post_tag","embeddable":true,"href":"http:\/\/rurallascolonias.com.ar\/index.php?rest_route=%2Fwp%2Fv2%2Ftags&post=15686"}],"curies":[{"name":"wp","href":"https:\/\/api.w.org\/{rel}","templated":true}]}}