{"id":15683,"date":"2017-11-21T16:19:47","date_gmt":"2017-11-21T16:19:47","guid":{"rendered":"http:\/\/rurallascolonias.com.ar\/?p=15683"},"modified":"2017-11-21T16:19:47","modified_gmt":"2017-11-21T16:19:47","slug":"la-agenda-que-la-mesa-de-la-leche-le-llevara-a-macri","status":"publish","type":"post","link":"http:\/\/rurallascolonias.com.ar\/?p=15683","title":{"rendered":"La agenda que la Mesa de la Leche le llevar\u00e1 a Macri"},"content":{"rendered":"<p><em><strong><a href=\"http:\/\/rurallascolonias.com.ar\/?attachment_id=15684\" rel=\"attachment wp-att-15684\"><img loading=\"lazy\" class=\"aligncenter size-full wp-image-15684\" src=\"http:\/\/rurallascolonias.com.ar\/wp-content\/uploads\/2017\/11\/La-agenda-que-la-Mesa-de-la-Leche-300x300.jpeg\" alt=\"\" width=\"300\" height=\"300\" srcset=\"http:\/\/rurallascolonias.com.ar\/wp-content\/uploads\/2017\/11\/La-agenda-que-la-Mesa-de-la-Leche-300x300.jpeg 300w, http:\/\/rurallascolonias.com.ar\/wp-content\/uploads\/2017\/11\/La-agenda-que-la-Mesa-de-la-Leche-300x300-150x150.jpeg 150w\" sizes=\"(max-width: 300px) 100vw, 300px\" \/><\/a>El martes que viene la cadena lechera volver\u00e1 a reunirse con el subsecretario de lecher\u00eda, Alejandro Sammartino, para terminar de consensuar un pu\u00f1ado de medidas que el sector viene debatiendo<\/strong><\/em><!--more--><\/p>\n<p>Ese conjunto de pol\u00edticas para el desarrollo de la actividad ser\u00e1n presentadas al presidente Mauricio Macri el jueves 23, y una vez que haya asumido el nuevo ministro de Agroindustria, Luis Miguel Etchevehere.<\/p>\n<p>En el sector hay expectativas al respecto de esa reuni\u00f3n. Lo que se busca es que el consenso se transforme en medidas concretas que permitan sacar a la actividad de la profunda crisis que vive hace 3 a\u00f1os, y que deriv\u00f3 en un continuo cierre de tambos y concentraci\u00f3n de la producci\u00f3n en empresas de mayor tama\u00f1o.<\/p>\n<p>Jorge Chemes, dirigente de Confederaciones Rurales Argentinas (CRA) y productor de leche, dijo que en las prioridades de la agenda sectorial figuran:<\/p>\n<p>\u2013 Medidas para el desarrollo de la infraestructura, la mayor preocupaci\u00f3n est\u00e1 puesta en el mal estado de los caminos rurales, aunque eso es injerencia de los municipios y no de Naci\u00f3n.<\/p>\n<p>\u2013 Definir mecanismos que permitan transparentar el comercio e institucionalizar un mercado en el cual \u201cse entrega\u201d la producci\u00f3n sin saber qu\u00e9 precio se va a cobrar.<\/p>\n<p>\u2013 Buscar la forma de reducir el endeudamiento y poner en marcha los cr\u00e9ditos anunciados por el Gobierno para inversi\u00f3n productiva. Recodamos que en el \u00faltimo encuentro de la cadena, el titular de Banco Naci\u00f3n, Javier Gonz\u00e1lez Fraga, comunic\u00f3 que antes de fin de a\u00f1o iban a estar en marcha dos l\u00edneas de cr\u00e9dito nuevas. En una de ellas se podr\u00e1n pre\u00f1ar las vacas que se quieran comprar, y en la otra, la garant\u00eda ser\u00eda la producci\u00f3n informada por cada tambo.<\/p>\n<p>Autor: Nicol\u00e1s Razzetti<br \/>\nFuente: Bichos de Campo<\/p>\n<p>&nbsp;<\/p>\n","protected":false},"excerpt":{"rendered":"<p>El martes que viene la cadena lechera volver\u00e1 a reunirse con el subsecretario de lecher\u00eda, Alejandro Sammartino, para terminar de consensuar un pu\u00f1ado de medidas que el sector viene debatiendo<\/p>\n","protected":false},"author":5,"featured_media":0,"comment_status":"open","ping_status":"open","sticky":false,"template":"","format":"standard","meta":[],"categories":[33],"tags":[2698,47,2439,3074],"_links":{"self":[{"href":"http:\/\/rurallascolonias.com.ar\/index.php?rest_route=\/wp\/v2\/posts\/15683"}],"collection":[{"href":"http:\/\/rurallascolonias.com.ar\/index.php?rest_route=\/wp\/v2\/posts"}],"about":[{"href":"http:\/\/rurallascolonias.com.ar\/index.php?rest_route=\/wp\/v2\/types\/post"}],"author":[{"embeddable":true,"href":"http:\/\/rurallascolonias.com.ar\/index.php?rest_route=\/wp\/v2\/users\/5"}],"replies":[{"embeddable":true,"href":"http:\/\/rurallascolonias.com.ar\/index.php?rest_route=%2Fwp%2Fv2%2Fcomments&post=15683"}],"version-history":[{"count":1,"href":"http:\/\/rurallascolonias.com.ar\/index.php?rest_route=\/wp\/v2\/posts\/15683\/revisions"}],"predecessor-version":[{"id":15685,"href":"http:\/\/rurallascolonias.com.ar\/index.php?rest_route=\/wp\/v2\/posts\/15683\/revisions\/15685"}],"wp:attachment":[{"href":"http:\/\/rurallascolonias.com.ar\/index.php?rest_route=%2Fwp%2Fv2%2Fmedia&parent=15683"}],"wp:term":[{"taxonomy":"category","embeddable":true,"href":"http:\/\/rurallascolonias.com.ar\/index.php?rest_route=%2Fwp%2Fv2%2Fcategories&post=15683"},{"taxonomy":"post_tag","embeddable":true,"href":"http:\/\/rurallascolonias.com.ar\/index.php?rest_route=%2Fwp%2Fv2%2Ftags&post=15683"}],"curies":[{"name":"wp","href":"https:\/\/api.w.org\/{rel}","templated":true}]}}