{"id":15662,"date":"2017-11-17T16:04:00","date_gmt":"2017-11-17T16:04:00","guid":{"rendered":"http:\/\/rurallascolonias.com.ar\/?p=15662"},"modified":"2017-11-17T16:04:00","modified_gmt":"2017-11-17T16:04:00","slug":"el-jueves-por-la-tarde-macri-hablara-de-lecheria","status":"publish","type":"post","link":"http:\/\/rurallascolonias.com.ar\/?p=15662","title":{"rendered":"El jueves por la tarde Macri hablara de lecher\u00eda"},"content":{"rendered":"<p><strong><em><a href=\"http:\/\/rurallascolonias.com.ar\/?attachment_id=15663\" rel=\"attachment wp-att-15663\"><img loading=\"lazy\" class=\"aligncenter size-full wp-image-15663\" src=\"http:\/\/rurallascolonias.com.ar\/wp-content\/uploads\/2017\/11\/Tamberos-aseguran-que-con-Macri-300x300.jpg\" alt=\"\" width=\"300\" height=\"300\" srcset=\"http:\/\/rurallascolonias.com.ar\/wp-content\/uploads\/2017\/11\/Tamberos-aseguran-que-con-Macri-300x300.jpg 300w, http:\/\/rurallascolonias.com.ar\/wp-content\/uploads\/2017\/11\/Tamberos-aseguran-que-con-Macri-300x300-150x150.jpg 150w\" sizes=\"(max-width: 300px) 100vw, 300px\" \/><\/a>Ser\u00e1 en la reuni\u00f3n pendiente con la Mesa sectorial. El martes se ultimaran los temas<\/em><\/strong><!--more--><\/p>\n<p>Ya lo dec\u00edamos esta semana, llego el momento de plantear las necesidades lecheras ante el Presidente de la Naci\u00f3n y ser\u00e1 el jueves pr\u00f3ximo cuando productores e industriales, junto a funcionarios lo logren.<\/p>\n<p>Si bien la fecha coincide con la segunda edici\u00f3n del Simposio de Competitividad y Financiamiento para el sector l\u00e1cteo, ser\u00e1 este por la ma\u00f1ana, mientras que a la tarde y aprovechando la presencia en Buenos Aires de todos los dirigentes sectoriales se realizara el encuentro pendiente desde aquel primer contacto en Venado Tuerto, en enero de 2016.<\/p>\n<p>De los diez puntos esbozados al momento, se deber\u00e1n destacar la mitad para poder centralizar necesidades y as\u00ed generar un mayor entendimiento por parte del titular del Ejecutivo, quien deber\u00e1 accionar desde la infraestructura, hasta el financiamiento de la manera m\u00e1s \u00e1gil, tal como lo requiere el sector. El martes se desarrollara el encuentro en ese sentido, tambi\u00e9n con todos los actores presentes.<\/p>\n<p>Mientras en el sector se empieza a hablar de manera positiva en cuanto a eficiencia son los distintos eslabones los que requieren seguridades para seguir adelante y es a partir del compromiso del propio Mauricio Macri que se intentara poner un horizonte en este sentido.<\/p>\n<p>El jueves a la tarde no se resolver\u00e1 nada, pero ojala se inicie el sendero de las soluciones de la manera m\u00e1s concreta que se tenga registro en las ultimas d\u00e9cadas.<br \/>\nElida Thiery<\/p>\n","protected":false},"excerpt":{"rendered":"<p>Ser\u00e1 en la reuni\u00f3n pendiente con la Mesa sectorial. El martes se ultimaran los temas<\/p>\n","protected":false},"author":5,"featured_media":0,"comment_status":"open","ping_status":"open","sticky":false,"template":"","format":"standard","meta":[],"categories":[14],"tags":[790,3953,74],"_links":{"self":[{"href":"http:\/\/rurallascolonias.com.ar\/index.php?rest_route=\/wp\/v2\/posts\/15662"}],"collection":[{"href":"http:\/\/rurallascolonias.com.ar\/index.php?rest_route=\/wp\/v2\/posts"}],"about":[{"href":"http:\/\/rurallascolonias.com.ar\/index.php?rest_route=\/wp\/v2\/types\/post"}],"author":[{"embeddable":true,"href":"http:\/\/rurallascolonias.com.ar\/index.php?rest_route=\/wp\/v2\/users\/5"}],"replies":[{"embeddable":true,"href":"http:\/\/rurallascolonias.com.ar\/index.php?rest_route=%2Fwp%2Fv2%2Fcomments&post=15662"}],"version-history":[{"count":1,"href":"http:\/\/rurallascolonias.com.ar\/index.php?rest_route=\/wp\/v2\/posts\/15662\/revisions"}],"predecessor-version":[{"id":15664,"href":"http:\/\/rurallascolonias.com.ar\/index.php?rest_route=\/wp\/v2\/posts\/15662\/revisions\/15664"}],"wp:attachment":[{"href":"http:\/\/rurallascolonias.com.ar\/index.php?rest_route=%2Fwp%2Fv2%2Fmedia&parent=15662"}],"wp:term":[{"taxonomy":"category","embeddable":true,"href":"http:\/\/rurallascolonias.com.ar\/index.php?rest_route=%2Fwp%2Fv2%2Fcategories&post=15662"},{"taxonomy":"post_tag","embeddable":true,"href":"http:\/\/rurallascolonias.com.ar\/index.php?rest_route=%2Fwp%2Fv2%2Ftags&post=15662"}],"curies":[{"name":"wp","href":"https:\/\/api.w.org\/{rel}","templated":true}]}}