{"id":15658,"date":"2017-11-16T16:17:48","date_gmt":"2017-11-16T16:17:48","guid":{"rendered":"http:\/\/rurallascolonias.com.ar\/?p=15658"},"modified":"2017-11-16T16:17:48","modified_gmt":"2017-11-16T16:17:48","slug":"dardo-chiesa-fue-reelecto-como-presidente-de-cra","status":"publish","type":"post","link":"http:\/\/rurallascolonias.com.ar\/?p=15658","title":{"rendered":"Dardo Chiesa fue reelecto como presidente de CRA"},"content":{"rendered":"<h2><em><a href=\"http:\/\/rurallascolonias.com.ar\/?attachment_id=10563\" rel=\"attachment wp-att-10563\"><img loading=\"lazy\" class=\"aligncenter size-full wp-image-10563\" src=\"http:\/\/rurallascolonias.com.ar\/wp-content\/uploads\/2016\/04\/CHIESA-2.jpg\" alt=\"\" width=\"299\" height=\"169\" \/><\/a>La lista oficial fue aprobada por unanimidad. El dirigente estar\u00e1 en su cargo hasta 2019. Jorge Chemes (FARER) y Atilio Carignano (CARTEZ)<\/em><\/h2>\n<p><!--more--><\/p>\n<p>En la elecci\u00f3n fue aprobada la lista oficial por unanimidad y el presidente present\u00f3 un informe del desarrollo de actividades de estos dos a\u00f1os, donde se mostr\u00f3 el crecimiento de la instituci\u00f3n y renueva su mandato por dos a\u00f1os m\u00e1s, hasta 2019.<\/p>\n<p>Jorge Chemes contin\u00faa como vicepresidente 1\u00ba, Atilio Carignano toma la vicepresidencia 2\u00ba y Juan Goya la vicepresidencia 3\u00ba.<\/p>\n<p>Dardo Chiesa es pampeano, oriundo de Macach\u00edn, y ejerce la presidencia de Confederaciones Rurales Argentinas desde el 2015<strong>.\u00a0<\/strong>Dentro de su extensa trayectoria gremial en el \u00e1mbito agropecuario fue presidente de la Confederaci\u00f3n de Asociaciones Rurales de Buenos Aires y La Pampa (CARBAP) entre 1998 y 2002; presidente del Instituto de Promoci\u00f3n de la Carne Vacuna Argentina entre el 2007 y el 2011 y presidente y fundador de la Sociedad Rural de Macach\u00edn en La Pampa. Tambi\u00e9n fue Consejero representante por CRA en el IPCVA hasta asumir la presidencia de Confederaciones Rurales Argentinas.<\/p>\n<p>Dardo Chiesa es ingeniero agr\u00f3nomo y productor agropecuario. En el \u00e1mbito internacional fue delegado por CRA ante la Organizaci\u00f3n Mundial del Comercio (OMC) y actualmente es delegado ante el Foro de la carne de MERCOSUR, donde tambi\u00e9n fue su presidente entre el 2012 y el 2014.<\/p>\n<p>Es uno de los m\u00e1ximos referentes del sector agroindustrial nacional desarrollando una gran carrera como especialista en producciones como la ganadera, entre otras.<\/p>\n<p><strong>Mesa Ejecutiva de CRA<\/strong><\/p>\n<p><strong>Presidente: Dardo Chiesa\u00a0<\/strong>\/ Confederaci\u00f3n de Asociaciones Rurales de Buenos Aires y La Pampa (CARBAP).<\/p>\n<p><strong>Vicepresidente 1\u00ba: Jorge Chemes\u00a0<\/strong>\/<strong>\u00a0<\/strong>Federaci\u00f3n de Asociaciones Rurales de Entre R\u00edos (FARER).<\/p>\n<p><strong>Vicepresidente 2\u00ba: Atilio Carignano\u00a0<\/strong>\/<strong>\u00a0<\/strong>Confederaci\u00f3n de Asociaciones Rurales de la Tercera Zona (CARTEZ)<\/p>\n<p><strong>Vicepresidente 3\u00ba: Juan Goya\u00a0<\/strong>\/ Federaci\u00f3n de Sociedades Rurales del Chubut (Chubut).<\/p>\n<p><strong>Secretario: Pedro Apaolaza<\/strong>\u00a0\/ Confederaci\u00f3n de Asociaciones Rurales de Buenos Aires y La Pampa (CARBAP).<\/p>\n<p><strong>Pro-Secretario: Enrique Santos \/\u00a0<\/strong>Confederaci\u00f3n de Asociaciones Rurales de Chaco &#8211; Formosa (CHAFOR).<\/p>\n<p><strong>Prosecretario 2\u00ba: Gerardo Condado\u00a0<\/strong>\/ Asociaci\u00f3n de Sociedades Rurales de Corrientes.<\/p>\n<p><strong>Tesorero:<\/strong>\u00a0<strong>Juan Pablo Karnatz<\/strong>\u00a0\/. Federaci\u00f3n de Asociaciones Agropecuarias Santiague\u00f1as (FAAS).<\/p>\n<p><strong>Pro-Tesorero:<\/strong>\u00a0<strong>Ferm\u00edn Oscar Del Papa<\/strong>\u00a0\/ Federaci\u00f3n de Sociedades Rurales del Chubut (Chubut).<\/p>\n<p><strong>Vocal: Ignacio Pisani<\/strong>\u00a0\/ Federaci\u00f3n de Entidades Rurales de Salta (FEDERSAL).<\/p>\n<p><strong>Vocal:<\/strong>\u00a0<strong>Daniel Lavay\u00e9n<\/strong>\u00a0\/ Federaci\u00f3n de Sociedades Rurales de R\u00edo Negro.<\/p>\n<p><strong>Vocal:<\/strong>\u00a0<strong>Rub\u00e9n Ferrero<\/strong>\u00a0\/ Confederaci\u00f3n de Asociaciones Rurales de Santa Fe (CARSFE)<\/p>\n<p><strong>Vocal:<\/strong>\u00a0<strong>Mario Leiva<\/strong>\u00a0\/ Confederaci\u00f3n de Asociaciones Rurales de Mendoza.<\/p>\n<p><strong>Vocal:<\/strong>\u00a0<strong>Adri\u00e1n Luna V\u00e1zquez<\/strong>\u00a0\/ Confederaci\u00f3n Rural de Misiones<\/p>\n<p><strong>Vocal: Sandro Blangero \/\u00a0<\/strong>Confederaci\u00f3n Rural de San Luis<\/p>\n<p><strong>Fuente: Nuestro Agro \/ CRA<\/strong><\/p>\n","protected":false},"excerpt":{"rendered":"<p>La lista oficial fue aprobada por unanimidad. El dirigente estar\u00e1 en su cargo hasta 2019. Jorge Chemes (FARER) y Atilio Carignano (CARTEZ)<\/p>\n","protected":false},"author":5,"featured_media":0,"comment_status":"open","ping_status":"open","sticky":false,"template":"","format":"standard","meta":[],"categories":[2306],"tags":[30,2355,3997],"_links":{"self":[{"href":"http:\/\/rurallascolonias.com.ar\/index.php?rest_route=\/wp\/v2\/posts\/15658"}],"collection":[{"href":"http:\/\/rurallascolonias.com.ar\/index.php?rest_route=\/wp\/v2\/posts"}],"about":[{"href":"http:\/\/rurallascolonias.com.ar\/index.php?rest_route=\/wp\/v2\/types\/post"}],"author":[{"embeddable":true,"href":"http:\/\/rurallascolonias.com.ar\/index.php?rest_route=\/wp\/v2\/users\/5"}],"replies":[{"embeddable":true,"href":"http:\/\/rurallascolonias.com.ar\/index.php?rest_route=%2Fwp%2Fv2%2Fcomments&post=15658"}],"version-history":[{"count":1,"href":"http:\/\/rurallascolonias.com.ar\/index.php?rest_route=\/wp\/v2\/posts\/15658\/revisions"}],"predecessor-version":[{"id":15659,"href":"http:\/\/rurallascolonias.com.ar\/index.php?rest_route=\/wp\/v2\/posts\/15658\/revisions\/15659"}],"wp:attachment":[{"href":"http:\/\/rurallascolonias.com.ar\/index.php?rest_route=%2Fwp%2Fv2%2Fmedia&parent=15658"}],"wp:term":[{"taxonomy":"category","embeddable":true,"href":"http:\/\/rurallascolonias.com.ar\/index.php?rest_route=%2Fwp%2Fv2%2Fcategories&post=15658"},{"taxonomy":"post_tag","embeddable":true,"href":"http:\/\/rurallascolonias.com.ar\/index.php?rest_route=%2Fwp%2Fv2%2Ftags&post=15658"}],"curies":[{"name":"wp","href":"https:\/\/api.w.org\/{rel}","templated":true}]}}