{"id":15656,"date":"2017-11-16T16:15:27","date_gmt":"2017-11-16T16:15:27","guid":{"rendered":"http:\/\/rurallascolonias.com.ar\/?p=15656"},"modified":"2017-11-16T16:15:27","modified_gmt":"2017-11-16T16:15:27","slug":"la-rural-de-rosario-expreso-su-preocupacion-ante-la-posible-suba-del-inmobiliario-rural-en-santa-fe","status":"publish","type":"post","link":"http:\/\/rurallascolonias.com.ar\/?p=15656","title":{"rendered":"La Rural de Rosario expres\u00f3 su preocupaci\u00f3n ante la posible suba del Inmobiliario Rural en Santa Fe"},"content":{"rendered":"<h2><em><a href=\"http:\/\/rurallascolonias.com.ar\/?attachment_id=9222\" rel=\"attachment wp-att-9222\"><img loading=\"lazy\" class=\"aligncenter size-full wp-image-9222\" src=\"http:\/\/rurallascolonias.com.ar\/wp-content\/uploads\/2015\/12\/inmobiliario-rural-2.jpg\" alt=\"\" width=\"337\" height=\"149\" srcset=\"http:\/\/rurallascolonias.com.ar\/wp-content\/uploads\/2015\/12\/inmobiliario-rural-2.jpg 337w, http:\/\/rurallascolonias.com.ar\/wp-content\/uploads\/2015\/12\/inmobiliario-rural-2-300x133.jpg 300w\" sizes=\"(max-width: 337px) 100vw, 337px\" \/><\/a>Mediante un comunicado, la entidad que preside Jorge Isern se anticip\u00f3 a una discusi\u00f3n que en la provincia de Buenos Aires gener\u00f3 un conflicto entre el Gobierno y el setor ruralista<\/em><\/h2>\n<p><!--more--><\/p>\n<p>La Sociedad Rural de Rosario observa con preocupaci\u00f3n la posible suba del impuesto inmobiliario rural. \u201cEste hecho no hace m\u00e1s que erosionar la comprometida situaci\u00f3n\u00a0del\u00a0sector\u201d, indic\u00f3 la entidad mediante un comunicado.<\/p>\n<p>Y agreg\u00f3: \u201cel precio del ma\u00edz y la soja tienen el mismo valor que hace un a\u00f1o atr\u00e1s. Los costos internos de la producci\u00f3n han tenido incrementos por lo que los m\u00e1rgenes se han visto disminuidos\u201d.<\/p>\n<p>Tambi\u00e9n, desde la entidad remarcan \u201cla enorme asimetr\u00eda del impuesto inmobiliario liquidado por el API en un mismo distrito as\u00ed como en distintos departamentos del sur de Santa Fe\u201d.<\/p>\n<p>Por lo expuesto, la SRR propone:<\/p>\n<p>_ Eliminar la figura del\u00a0<strong><em>gran propietario rural<\/em><\/strong>,\u00a0ya que la misma duplica el impuesto en forma injustificada y arbitraria.<\/p>\n<p>_ Corregir las asimetr\u00edas en la determinaci\u00f3n del impuesto. A modo de ejemplo,\u00a0se presentan casos con diferencias de hasta 6 veces entre campos linderos.<\/p>\n<p>_ Mejorar las condiciones de pago del gravamen ajustando los vencimientos en funci\u00f3n de los per\u00edodos de ingresos del productor.<\/p>\n<p>_ Eliminar la carga financiera del 3% mensual, por atraso en el pago a t\u00e9rmino.<\/p>\n<p><strong>Fuente: Nuestro Agro<\/strong><\/p>\n","protected":false},"excerpt":{"rendered":"<p>Mediante un comunicado, la entidad que preside Jorge Isern se anticip\u00f3 a una discusi\u00f3n que en la provincia de Buenos Aires gener\u00f3 un conflicto entre el Gobierno y el setor ruralista<\/p>\n","protected":false},"author":5,"featured_media":0,"comment_status":"open","ping_status":"open","sticky":false,"template":"","format":"standard","meta":[],"categories":[42],"tags":[115,1692,78],"_links":{"self":[{"href":"http:\/\/rurallascolonias.com.ar\/index.php?rest_route=\/wp\/v2\/posts\/15656"}],"collection":[{"href":"http:\/\/rurallascolonias.com.ar\/index.php?rest_route=\/wp\/v2\/posts"}],"about":[{"href":"http:\/\/rurallascolonias.com.ar\/index.php?rest_route=\/wp\/v2\/types\/post"}],"author":[{"embeddable":true,"href":"http:\/\/rurallascolonias.com.ar\/index.php?rest_route=\/wp\/v2\/users\/5"}],"replies":[{"embeddable":true,"href":"http:\/\/rurallascolonias.com.ar\/index.php?rest_route=%2Fwp%2Fv2%2Fcomments&post=15656"}],"version-history":[{"count":1,"href":"http:\/\/rurallascolonias.com.ar\/index.php?rest_route=\/wp\/v2\/posts\/15656\/revisions"}],"predecessor-version":[{"id":15657,"href":"http:\/\/rurallascolonias.com.ar\/index.php?rest_route=\/wp\/v2\/posts\/15656\/revisions\/15657"}],"wp:attachment":[{"href":"http:\/\/rurallascolonias.com.ar\/index.php?rest_route=%2Fwp%2Fv2%2Fmedia&parent=15656"}],"wp:term":[{"taxonomy":"category","embeddable":true,"href":"http:\/\/rurallascolonias.com.ar\/index.php?rest_route=%2Fwp%2Fv2%2Fcategories&post=15656"},{"taxonomy":"post_tag","embeddable":true,"href":"http:\/\/rurallascolonias.com.ar\/index.php?rest_route=%2Fwp%2Fv2%2Ftags&post=15656"}],"curies":[{"name":"wp","href":"https:\/\/api.w.org\/{rel}","templated":true}]}}