{"id":15653,"date":"2017-11-15T17:09:12","date_gmt":"2017-11-15T17:09:12","guid":{"rendered":"http:\/\/rurallascolonias.com.ar\/?p=15653"},"modified":"2017-11-15T17:09:12","modified_gmt":"2017-11-15T17:09:12","slug":"el-jueves-23-macri-recibiria-a-la-mesa-de-la-leche","status":"publish","type":"post","link":"http:\/\/rurallascolonias.com.ar\/?p=15653","title":{"rendered":"El jueves 23 Macri recibir\u00eda a la Mesa de la Leche"},"content":{"rendered":"<p><em><strong><a href=\"http:\/\/rurallascolonias.com.ar\/?attachment_id=9769\" rel=\"attachment wp-att-9769\"><img loading=\"lazy\" class=\"aligncenter size-full wp-image-9769\" src=\"http:\/\/rurallascolonias.com.ar\/wp-content\/uploads\/2016\/02\/Macri-9.jpg\" alt=\"\" width=\"225\" height=\"225\" srcset=\"http:\/\/rurallascolonias.com.ar\/wp-content\/uploads\/2016\/02\/Macri-9.jpg 225w, http:\/\/rurallascolonias.com.ar\/wp-content\/uploads\/2016\/02\/Macri-9-150x150.jpg 150w\" sizes=\"(max-width: 225px) 100vw, 225px\" \/><\/a>Es el espacio generado por Agroindustria para acercarle reclamos sectoriales al Presidente de la Naci\u00f3n, tal como ya lo viene haciendo con la cadena de la carne<\/strong><\/em><!--more--><\/p>\n<p>En un proceso que acelera su paso con los cambios suscitados en el Ministerio de Agroindustria, que no quedar\u00edan s\u00f3lo en su l\u00edder, sino que incluir\u00edan a secretarios de diversas \u00e1reas, este jueves 23 se llevar\u00eda a cabo la reuni\u00f3n de la Mesa de la Leche con el Presidente de la Naci\u00f3n.<\/p>\n<p>Luego de dos encuentros desarrollados al momento con el punteo de los temas m\u00e1s salientes del sector, ser\u00eda el martes de la semana entrante que se terminen de definir los cinco reclamos base de toda la cadena lechera, incluyendo a industrias y a representantes de los productores, por iniciativa ministerial.<\/p>\n<p>La lista parte de traccionar la demanda interna y externa. Estimular el consumo interno. Equilibrar las diferencias de consumo con los sectores m\u00e1s vulnerables.<br \/>\nReducci\u00f3n de impuestos al consumo. Compra y coordinaci\u00f3n de leche estatal. Plan de leche escolar. Mejorar mercados como Brasil y M\u00e9jico, mientras se abren nuevos mercados.<\/p>\n<p>En segundo t\u00e9rmino, la infraestructura, mejorando caminos y accesos a tambos, generando consorcios camineros, para una mejor y mayor conectividad.<\/p>\n<p>Tambi\u00e9n mejora de la competitividad industrial con fines de exportaci\u00f3n y reducir la brecha productiva entre tambos, promoviendo clusters regionales.<\/p>\n<p>Para una mayor transparencia, un acuerdo de buenas pr\u00e1cticas con el sector comercial, m\u00e1s fiscalizaci\u00f3n y conocimiento de la estructura de costos, adem\u00e1s del monitoreo del volumen entre industrias.<\/p>\n<p>Sobre el financiamiento, apuntalar el leasing, la gesti\u00f3n del riesgo y mejorar las condiciones del impuesto a los sellos por contratos y prenda ganadera.<\/p>\n<p>Queda ampliar m\u00e1s detalles sobre la presi\u00f3n fiscal, la desburocratizaci\u00f3n, los costos laborales y sociales para reemplazar la figura del tambero mediero, reduciendo el costo laboral. Se debe mejorar la imagen sectorial para promover las inversiones; y sobre todo se deber\u00e1n institucionalizar los mercados.<\/p>\n<p>Con la supuesta asunci\u00f3n de Luis Etchevehere el martes 21, en reemplazo de Ricardo Buryaile, ser\u00e1 entonces el martes que se cierre la lista y los oradores en un encuentro en el que ya est\u00e1 aclarado que no se admitir\u00e1n debates internos de la cadena, por lo tanto el jueves 23 Macri volver\u00e1 a escuchar de cerca sobre las necesidades tan amplias de la lecher\u00eda, jam\u00e1s resueltas por su gobierno.<\/p>\n<p>Coincide esta fecha con la convocatoria al \u201cSimposio de Competitividad y Financiamiento para el sector l\u00e1cteo\u201d, que de 8:30 a 14 horas se desarrollar\u00e1 en el porte\u00f1o hotel Savoy, donde se hablar\u00e1 de innovaciones tecnol\u00f3gicas y competitividad, eficiencia tecnol\u00f3gica, infraestructura y trazabilidad de la calidad de leche, beneficios de la Ley Pyme, perspectivas del sistema bancario y finalmente, se lanzar\u00e1 el Certificado Siglea para el acceso a cr\u00e9ditos del Banco Naci\u00f3n.<\/p>\n<p>Ahora bien, el apuro para concretar el encuentro quiz\u00e1 ser\u00eda el indicio de cambios en el \u00e1rea. S\u00f3lo el tiempo nos podr\u00e1 decir si el encuentro tendr\u00e1 frutos positivos y si las modificaciones se concretan a favor siempre del sector.<\/p>\n<p>Elida Thiery<\/p>\n<p>&nbsp;<\/p>\n","protected":false},"excerpt":{"rendered":"<p>Es el espacio generado por Agroindustria para acercarle reclamos sectoriales al Presidente de la Naci\u00f3n, tal como ya lo viene haciendo con la cadena de la carne<\/p>\n","protected":false},"author":5,"featured_media":0,"comment_status":"open","ping_status":"open","sticky":false,"template":"","format":"standard","meta":[],"categories":[46,33],"tags":[89,790,2268],"_links":{"self":[{"href":"http:\/\/rurallascolonias.com.ar\/index.php?rest_route=\/wp\/v2\/posts\/15653"}],"collection":[{"href":"http:\/\/rurallascolonias.com.ar\/index.php?rest_route=\/wp\/v2\/posts"}],"about":[{"href":"http:\/\/rurallascolonias.com.ar\/index.php?rest_route=\/wp\/v2\/types\/post"}],"author":[{"embeddable":true,"href":"http:\/\/rurallascolonias.com.ar\/index.php?rest_route=\/wp\/v2\/users\/5"}],"replies":[{"embeddable":true,"href":"http:\/\/rurallascolonias.com.ar\/index.php?rest_route=%2Fwp%2Fv2%2Fcomments&post=15653"}],"version-history":[{"count":1,"href":"http:\/\/rurallascolonias.com.ar\/index.php?rest_route=\/wp\/v2\/posts\/15653\/revisions"}],"predecessor-version":[{"id":15654,"href":"http:\/\/rurallascolonias.com.ar\/index.php?rest_route=\/wp\/v2\/posts\/15653\/revisions\/15654"}],"wp:attachment":[{"href":"http:\/\/rurallascolonias.com.ar\/index.php?rest_route=%2Fwp%2Fv2%2Fmedia&parent=15653"}],"wp:term":[{"taxonomy":"category","embeddable":true,"href":"http:\/\/rurallascolonias.com.ar\/index.php?rest_route=%2Fwp%2Fv2%2Fcategories&post=15653"},{"taxonomy":"post_tag","embeddable":true,"href":"http:\/\/rurallascolonias.com.ar\/index.php?rest_route=%2Fwp%2Fv2%2Ftags&post=15653"}],"curies":[{"name":"wp","href":"https:\/\/api.w.org\/{rel}","templated":true}]}}