{"id":15606,"date":"2017-11-07T10:04:42","date_gmt":"2017-11-07T10:04:42","guid":{"rendered":"http:\/\/rurallascolonias.com.ar\/?p=15606"},"modified":"2017-11-07T16:07:57","modified_gmt":"2017-11-07T16:07:57","slug":"se-espera-un-impulso-en-la-siembra-de-soja-por-nuevas-lluvias","status":"publish","type":"post","link":"http:\/\/rurallascolonias.com.ar\/?p=15606","title":{"rendered":"Se espera un impulso en la siembra de soja por nuevas lluvias"},"content":{"rendered":"<p><em><strong><a href=\"http:\/\/rurallascolonias.com.ar\/?attachment_id=15607\" rel=\"attachment wp-att-15607\"><img loading=\"lazy\" class=\"aligncenter size-full wp-image-15607\" src=\"http:\/\/rurallascolonias.com.ar\/wp-content\/uploads\/2017\/11\/siembra.jpg\" alt=\"\" width=\"400\" height=\"290\" srcset=\"http:\/\/rurallascolonias.com.ar\/wp-content\/uploads\/2017\/11\/siembra.jpg 400w, http:\/\/rurallascolonias.com.ar\/wp-content\/uploads\/2017\/11\/siembra-300x218.jpg 300w\" sizes=\"(max-width: 400px) 100vw, 400px\" \/><\/a>Las lluvias que caer\u00e1n en las pr\u00f3ximas dos semanas alentar\u00e1n la siembra de soja en el coraz\u00f3n agr\u00edcola del pa\u00eds, donde el avance de la implantaci\u00f3n est\u00e1 limitado por falta de agua<\/strong><\/em><!--more--><\/p>\n<table border=\"0\" width=\"647\" cellspacing=\"0\" cellpadding=\"0\">\n<tbody>\n<tr>\n<td class=\"Cuerpo-14Gris\" valign=\"top\">\u201cComo octubre no fue muy llovedor, en algunas zonas est\u00e1 faltando un poco de agua. Vamos a tener m\u00e1s lluvias sobre la zona central en la segunda quincena (de noviembre)\u201d, dijo a a la agencia Reuters Germ\u00e1n Heinzenknecht, experto de la Consultora de Climatolog\u00eda Aplicada.<\/p>\n<p>Seg\u00fan la Bolsa de Cereales de Buenos Aires, hasta la semana pasada los agricultores hab\u00edan plantado el 7,2 por ciento de los 18,1 millones de hect\u00e1reas previstos para la oleaginosa del ciclo 2017\/18 en el pa\u00eds sudamericano, que es el mayor proveedor mundial de harina y aceite de soja.<\/p>\n<p>El experto dijo que las \u00e1reas m\u00e1s afectadas por la escasez de agua est\u00e1n en el sudoeste de C\u00f3rdoba y el sur de Santa Fe, y tambi\u00e9n estim\u00f3 que \u201cno parece que haya un escenario que complique la siembra de la soja\u201d.<br \/>\nCon respecto a los excesos de agua que obligaron a recortar el \u00e1rea a sembrar con la oleaginosa, Heinzenknecht dijo que los campos que estaban inundados ya fueron descartados, mientras que algunos que sufr\u00edan una afectaci\u00f3n menor se han recuperado.<\/p>\n<p>Todo Agro<\/td>\n<\/tr>\n<\/tbody>\n<\/table>\n","protected":false},"excerpt":{"rendered":"<p>Las lluvias que caer\u00e1n en las pr\u00f3ximas dos semanas alentar\u00e1n la siembra de soja en el coraz\u00f3n agr\u00edcola del pa\u00eds, donde el avance de la implantaci\u00f3n est\u00e1 limitado por falta de agua<\/p>\n","protected":false},"author":5,"featured_media":0,"comment_status":"open","ping_status":"open","sticky":false,"template":"","format":"standard","meta":[],"categories":[18],"tags":[54,19,55],"_links":{"self":[{"href":"http:\/\/rurallascolonias.com.ar\/index.php?rest_route=\/wp\/v2\/posts\/15606"}],"collection":[{"href":"http:\/\/rurallascolonias.com.ar\/index.php?rest_route=\/wp\/v2\/posts"}],"about":[{"href":"http:\/\/rurallascolonias.com.ar\/index.php?rest_route=\/wp\/v2\/types\/post"}],"author":[{"embeddable":true,"href":"http:\/\/rurallascolonias.com.ar\/index.php?rest_route=\/wp\/v2\/users\/5"}],"replies":[{"embeddable":true,"href":"http:\/\/rurallascolonias.com.ar\/index.php?rest_route=%2Fwp%2Fv2%2Fcomments&post=15606"}],"version-history":[{"count":1,"href":"http:\/\/rurallascolonias.com.ar\/index.php?rest_route=\/wp\/v2\/posts\/15606\/revisions"}],"predecessor-version":[{"id":15608,"href":"http:\/\/rurallascolonias.com.ar\/index.php?rest_route=\/wp\/v2\/posts\/15606\/revisions\/15608"}],"wp:attachment":[{"href":"http:\/\/rurallascolonias.com.ar\/index.php?rest_route=%2Fwp%2Fv2%2Fmedia&parent=15606"}],"wp:term":[{"taxonomy":"category","embeddable":true,"href":"http:\/\/rurallascolonias.com.ar\/index.php?rest_route=%2Fwp%2Fv2%2Fcategories&post=15606"},{"taxonomy":"post_tag","embeddable":true,"href":"http:\/\/rurallascolonias.com.ar\/index.php?rest_route=%2Fwp%2Fv2%2Ftags&post=15606"}],"curies":[{"name":"wp","href":"https:\/\/api.w.org\/{rel}","templated":true}]}}