{"id":15571,"date":"2017-10-31T16:11:28","date_gmt":"2017-10-31T16:11:28","guid":{"rendered":"http:\/\/rurallascolonias.com.ar\/?p=15571"},"modified":"2017-10-31T16:11:28","modified_gmt":"2017-10-31T16:11:28","slug":"cambios-en-el-gabinete-de-mauricio-macri-etchevehere-asume-en-agroindustria-y-buryaile-va-a-la-union-europea","status":"publish","type":"post","link":"http:\/\/rurallascolonias.com.ar\/?p=15571","title":{"rendered":"Cambios en el Gabinete de Mauricio Macri: Etchevehere asume en Agroindustria y Buryaile va a la Uni\u00f3n Europea"},"content":{"rendered":"<p><em><strong><a href=\"http:\/\/rurallascolonias.com.ar\/?attachment_id=15572\" rel=\"attachment wp-att-15572\"><img loading=\"lazy\" class=\"aligncenter size-full wp-image-15572\" src=\"http:\/\/rurallascolonias.com.ar\/wp-content\/uploads\/2017\/10\/buryaile.jpg\" alt=\"\" width=\"300\" height=\"300\" srcset=\"http:\/\/rurallascolonias.com.ar\/wp-content\/uploads\/2017\/10\/buryaile.jpg 300w, http:\/\/rurallascolonias.com.ar\/wp-content\/uploads\/2017\/10\/buryaile-150x150.jpg 150w\" sizes=\"(max-width: 300px) 100vw, 300px\" \/><\/a>Tras su contundente triunfo electoral, Mauricio Macri mete mano en algunas \u00e1reas para oxigenar la gesti\u00f3n<\/strong><\/em><!--more--><\/p>\n<p>Tras su contundente triunfo en las elecciones legislativas, el Presidente de la Naci\u00f3n decidi\u00f3 apurar los cambios en el Gabinete. Ayer le pidi\u00f3 la renuncia al ministro de Salud Jorge Lemus y, seg\u00fan pudo confirmar Clar\u00edn de altas fuentes oficiales, avanzar\u00e1 con m\u00e1s variantes. La primera ser\u00e1 en Agroindustria, donde el ministro Ricardo Buryaile dejar\u00e1 su cargo.<\/p>\n<p>La situaci\u00f3n de Buryaile es similar a la de Lemus: Mauricio Macri no est\u00e1 conforme con su gesti\u00f3n. No obstante, al igual que el ministro de Salud, al que mantendr\u00e1 \u201ccomo asesor en el G-20\u201d, el dirigente radical de Formosa seguir\u00e1 en el Ejecutivo: ir\u00e1 como embajador ante la Uni\u00f3n Europea.<\/p>\n<p>\u201cLe hemos pedido que cumpla esa tarea ya que es muy importante en esta etapa de la negociaci\u00f3n que pueda liderar la negociaci\u00f3n en Bruselas entre la UE y el Mercosur, entendiendo que uno de los temas m\u00e1s sensibles pasa por lo agropecuario\u201d, detall\u00f3 Pe\u00f1a ante los periodistas acreditados de la Casa Rosada.<\/p>\n<p>Su reemplazante en Agroindustria ser\u00e1 Luis Miguel Etchevehere, titular de la Sociedad Rural Argentina.<\/p>\n<p>El cambio no deja de sorprender dado que Buryaile hab\u00eda resignado ser candidato en Formosa para mantener su lugar como ministro.<\/p>\n<p>Ayer, el ahora saliente ministro hab\u00eda participado -a solo cinco horas de los \u201cconsensos b\u00e1sicos\u201d anunciados por Mauricio Macri- de la firma de un acuerdo de readaptaci\u00f3n del convenio colectivo de trabajo de la industria lechera, con la intenci\u00f3n de dinamizar el sector luego de un a\u00f1o y medio de negociaciones entre las partes.<\/p>\n<p>Al justificar los cambios, Pe\u00f1a advirti\u00f3 la necesidad de oxigenar la gesti\u00f3n. En ese sentido indic\u00f3 que lo de Lemus obedece a \u201cuna etapa cumplida\u201d. \u201cEl viene de muchos a\u00f1os de la gesti\u00f3n. Y creemos que es bueno para todos estos desaf\u00edos de reformismo permanente que se pueda ir renovando el equipo y la energ\u00eda de cada etapa de la gesti\u00f3n\u201d, sostuvo. \u201cTanto en su caso, como en el de Buryaile, son excelentes personas que han cumplido una gran tarea en el dise\u00f1o y la implementaci\u00f3n de las pol\u00edticas. Pero en un equipo puede haber cambios de funci\u00f3n y de rol\u201d, justific\u00f3.<\/p>\n<p>Fue el segundo cambio a nivel ministerial que anuncia el Gobierno en menos de un d\u00eda. Pero no ser\u00e1 el \u00faltimo. De hecho Pe\u00f1a dej\u00f3 abierta la puerta al indicar, ante la consulta de Clar\u00edn, que \u201cpor el momento no hay otra novedad\u201d. Lo mismo hab\u00eda hecho en el b\u00fanker de Cambiemos el d\u00eda del triunfo: \u201cNo, no hay previsto cambios, esta semana\u201d, esquiv\u00f3, astuto, ante la consulta de si habr\u00eda cambios en el Gabinete.<\/p>\n<p>Aunque no habr\u00eda eliminaci\u00f3n de ministerios, el Gobierno s\u00ed encarar\u00eda la reducci\u00f3n de algunas \u00e1reas. \u201cEn t\u00e9rminos de modificaci\u00f3n de la estructura, es probable que en las pr\u00f3ximas semanas junto al ministro de Modernizaci\u00f3n Andr\u00e9s Ibarra podamos presentar algunas iniciativas que estamos trabajando en ese sentido\u201d, adelant\u00f3 Pe\u00f1a.<\/p>\n<p>Seg\u00fan pudo saber este diario de altas fuentes oficiales, el plan contemplar\u00eda que cada ministerio unifique \u00e1reas, de modo tal que se puedan eliminar cargos pol\u00edticos: \u201cCada uno tiene que resignar de un subsecretario para abajo\u201d, apuntaron.<\/p>\n<p>Autor: Ignacio Ortelli<br \/>\nFuente: CLAR\u00cdN<\/p>\n","protected":false},"excerpt":{"rendered":"<p>Tras su contundente triunfo electoral, Mauricio Macri mete mano en algunas \u00e1reas para oxigenar la gesti\u00f3n<\/p>\n","protected":false},"author":5,"featured_media":0,"comment_status":"open","ping_status":"open","sticky":false,"template":"","format":"standard","meta":[],"categories":[33],"tags":[2115,3064,2143],"_links":{"self":[{"href":"http:\/\/rurallascolonias.com.ar\/index.php?rest_route=\/wp\/v2\/posts\/15571"}],"collection":[{"href":"http:\/\/rurallascolonias.com.ar\/index.php?rest_route=\/wp\/v2\/posts"}],"about":[{"href":"http:\/\/rurallascolonias.com.ar\/index.php?rest_route=\/wp\/v2\/types\/post"}],"author":[{"embeddable":true,"href":"http:\/\/rurallascolonias.com.ar\/index.php?rest_route=\/wp\/v2\/users\/5"}],"replies":[{"embeddable":true,"href":"http:\/\/rurallascolonias.com.ar\/index.php?rest_route=%2Fwp%2Fv2%2Fcomments&post=15571"}],"version-history":[{"count":1,"href":"http:\/\/rurallascolonias.com.ar\/index.php?rest_route=\/wp\/v2\/posts\/15571\/revisions"}],"predecessor-version":[{"id":15573,"href":"http:\/\/rurallascolonias.com.ar\/index.php?rest_route=\/wp\/v2\/posts\/15571\/revisions\/15573"}],"wp:attachment":[{"href":"http:\/\/rurallascolonias.com.ar\/index.php?rest_route=%2Fwp%2Fv2%2Fmedia&parent=15571"}],"wp:term":[{"taxonomy":"category","embeddable":true,"href":"http:\/\/rurallascolonias.com.ar\/index.php?rest_route=%2Fwp%2Fv2%2Fcategories&post=15571"},{"taxonomy":"post_tag","embeddable":true,"href":"http:\/\/rurallascolonias.com.ar\/index.php?rest_route=%2Fwp%2Fv2%2Ftags&post=15571"}],"curies":[{"name":"wp","href":"https:\/\/api.w.org\/{rel}","templated":true}]}}