{"id":15533,"date":"2017-10-24T17:33:04","date_gmt":"2017-10-24T17:33:04","guid":{"rendered":"http:\/\/rurallascolonias.com.ar\/?p=15533"},"modified":"2017-10-24T17:33:04","modified_gmt":"2017-10-24T17:33:04","slug":"cuales-son-las-demandas-del-agro-para-el-nuevo-congreso","status":"publish","type":"post","link":"http:\/\/rurallascolonias.com.ar\/?p=15533","title":{"rendered":"\u00bfCu\u00e1les son las demandas del agro para el nuevo Congreso?"},"content":{"rendered":"<p><strong><em><a href=\"http:\/\/rurallascolonias.com.ar\/?attachment_id=15534\" rel=\"attachment wp-att-15534\"><img loading=\"lazy\" class=\"aligncenter size-full wp-image-15534\" src=\"http:\/\/rurallascolonias.com.ar\/wp-content\/uploads\/2017\/10\/Cuales-son-las-demandas-del-agro-para-el-nuevo-Congreso-300x300.jpg\" alt=\"\" width=\"300\" height=\"300\" srcset=\"http:\/\/rurallascolonias.com.ar\/wp-content\/uploads\/2017\/10\/Cuales-son-las-demandas-del-agro-para-el-nuevo-Congreso-300x300.jpg 300w, http:\/\/rurallascolonias.com.ar\/wp-content\/uploads\/2017\/10\/Cuales-son-las-demandas-del-agro-para-el-nuevo-Congreso-300x300-150x150.jpg 150w\" sizes=\"(max-width: 300px) 100vw, 300px\" \/><\/a>La dirigencia rural espera una mayor actividad del Poder Legislativo en aspectos claves para el sector. \u00bfCu\u00e1les son los temas pendientes?<\/em><\/strong><!--more--><\/p>\n<p>Luego de un 2017 durante el cual el Congreso de la Nacion mostr\u00f3 escaso inter\u00e9s por tratar temas vinculados al agro, la nueva conformaci\u00f3n de la C\u00e1mara Baja abre expectativas dentro de la dirigencia rural.<br \/>\nAdem\u00e1s del tratamiento de leyes claves para el sector, las entidades rurales ponen el foco en la necesidad de abordar reformas estructurales, de acuerdo con una recorrida realizada por Agrovoz por los principales dirigentes rurales de la provincia.<\/p>\n<p>M\u00e1s inclusi\u00f3n<\/p>\n<p>\u201cHay todav\u00eda deudas pendientes de la pol\u00edtica con la sociedad. El campo no puede estar bien si hay 30 por ciento de pobreza y que no cubren las necesidades b\u00e1sicas. Como proveedores de alimentos no nos podemos irnos de ese foco, m\u00e1s all\u00e1 de la falta de competitividad o de infraestructura que como sector podamos necesitar\u201d, observ\u00f3 Gabriel De Raedemaeker, presidente de Confederacion de Asociaciones Rurales de la Tercera Zona (Cartez).<\/p>\n<p>A su juicio, el principal deber que tiene el poder pol\u00edtico es solucionar el tema de la desigualdad. \u201cA partir de ah\u00ed podemos hablar de una reforma impositiva\u201d, indic\u00f3.<\/p>\n<p>El dirigente reclam\u00f3 que el nuevo Congreso deber\u00eda ser el puntapi\u00e9 inicial para dejar de ser \u201cuna guarida para darle refugio a gente que deber\u00eda estar en otro lado, rindiendo cuentas a la Justicia. El campo ha generado mucha riqueza en los \u00faltimos a\u00f1os y s\u00f3lo ha servido para enriquecer a unos pocos\u201d, sostuvo De Raedemaeker.<\/p>\n<p>Leyes puntuales<\/p>\n<p>La necesidad de una nueva ley de semillas, cuyo debate parlamentario viene demorado, el acceso a otros formas de financiamiento y una nueva ley de arrendamientos figuran entre las prioridades que el sector le traza el nuevo Congreso.<\/p>\n<p>\u201cDesde la Federaci\u00f3n Agraria Argentina vemos la necesidad de ayudar con m\u00e1s financiamiento a los peque\u00f1os y medianos productores, con leyes que le faciliten el acceso\u201d, indic\u00f3 Leonardo Bonafe, presidente de la filial C\u00f3rdoba de la Federaci\u00f3n Agraria Argentina.<\/p>\n<p>Desde la entidad federada tambi\u00e9n solicitan la intervenci\u00f3n de los legisladores en normativas que permitan el acceso de los peque\u00f1os y medianos productores a las tierras fiscales que el Gobierno nacional pretende vender. \u201cQue la operatoria no sea solo para los grandes productores, sino que tambi\u00e9n puedan participar los peque\u00f1os, que son los que viven en el interior\u201d, indic\u00f3 Bonafe.<\/p>\n<p>Si bien se valora el alivio fiscal realizado por el Gobierno nacional al sector, desde Coninagro admiten la necesidad de continuar avanzando en una reforma impositiva. \u201cTodav\u00eda el sector tiene una alta presi\u00f3n tributaria que, junto con otros sectores de la producci\u00f3n, se podr\u00eda morigerar a partir de una nueva legislaci\u00f3n\u201d, destac\u00f3 Alejandro Buttiero, presidente del consejo provincial de Coninagro.<\/p>\n<p>Con su nueva conformaci\u00f3n, y con un bloque de diputados m\u00e1s numeroso \u2013pero sin llegar a tener qu\u00f3rum propio\u2013, se descarta que el Gobierno intentar\u00e1 avanzar con su agenda legislativa en 2018, que incluir\u00eda una reforma laboral y otra tributaria.<\/p>\n<p>Para el dirigente cooperativo, una nueva ley de lecher\u00eda que permita a los productores tener previsibilidad del negocio en cuento a producci\u00f3n y precios de referencia, la actualizaci\u00f3n de la ley de arrendamientos y la sanci\u00f3n finalmente de la ley de semillas encabezan la agenda legislativa de corto plazo para el sector.<\/p>\n<p>Para Alejandro Ferrero, director regional de la Sociedad Rural Argentina, el pa\u00eds tiene que aprovechar el actual momento para llevar a cabo reformas de importancia.<\/p>\n<p>\u201cTenemos que hacer una reforma impositiva para aliviar la presi\u00f3n de impuestos no solo en el agro sino tambi\u00e9n en otras actividades. Como as\u00ed tambi\u00e9n avanzar en una reforma laboral que permita reducir las cargas sociales y generar m\u00e1s fuentes de trabajo, que es lo que el pa\u00eds necesita\u201d, destac\u00f3 el dirigente.<\/p>\n<p>Poca actividad 2017<\/p>\n<p>Durante 2017, sobre un total de 2.948 proyectos ingresados al Congreso, solo 208 tuvieron como tem\u00e1tica a la producci\u00f3n agropecuaria y al cuidado del medio ambiente, seg\u00fan datos de la Fundaci\u00f3n Barbechando, una OMG que naci\u00f3 en 2008 luego del conflicto entre el agro y el Gobierno. La acci\u00f3n legislativa en lo que va del a\u00f1o refleja una escasa participaci\u00f3n, para un sector que en 2016 invirti\u00f3 m\u00e1s de 58 mil millones de d\u00f3lares.<\/p>\n<p>Autor: Alejandro Roll\u00e1n<br \/>\nFuente: La Voz<\/p>\n","protected":false},"excerpt":{"rendered":"<p>La dirigencia rural espera una mayor actividad del Poder Legislativo en aspectos claves para el sector. \u00bfCu\u00e1les son los temas pendientes?<\/p>\n","protected":false},"author":5,"featured_media":0,"comment_status":"open","ping_status":"open","sticky":false,"template":"","format":"standard","meta":[],"categories":[33],"tags":[110,773,1509,3248],"_links":{"self":[{"href":"http:\/\/rurallascolonias.com.ar\/index.php?rest_route=\/wp\/v2\/posts\/15533"}],"collection":[{"href":"http:\/\/rurallascolonias.com.ar\/index.php?rest_route=\/wp\/v2\/posts"}],"about":[{"href":"http:\/\/rurallascolonias.com.ar\/index.php?rest_route=\/wp\/v2\/types\/post"}],"author":[{"embeddable":true,"href":"http:\/\/rurallascolonias.com.ar\/index.php?rest_route=\/wp\/v2\/users\/5"}],"replies":[{"embeddable":true,"href":"http:\/\/rurallascolonias.com.ar\/index.php?rest_route=%2Fwp%2Fv2%2Fcomments&post=15533"}],"version-history":[{"count":1,"href":"http:\/\/rurallascolonias.com.ar\/index.php?rest_route=\/wp\/v2\/posts\/15533\/revisions"}],"predecessor-version":[{"id":15535,"href":"http:\/\/rurallascolonias.com.ar\/index.php?rest_route=\/wp\/v2\/posts\/15533\/revisions\/15535"}],"wp:attachment":[{"href":"http:\/\/rurallascolonias.com.ar\/index.php?rest_route=%2Fwp%2Fv2%2Fmedia&parent=15533"}],"wp:term":[{"taxonomy":"category","embeddable":true,"href":"http:\/\/rurallascolonias.com.ar\/index.php?rest_route=%2Fwp%2Fv2%2Fcategories&post=15533"},{"taxonomy":"post_tag","embeddable":true,"href":"http:\/\/rurallascolonias.com.ar\/index.php?rest_route=%2Fwp%2Fv2%2Ftags&post=15533"}],"curies":[{"name":"wp","href":"https:\/\/api.w.org\/{rel}","templated":true}]}}