{"id":15529,"date":"2017-10-23T10:09:39","date_gmt":"2017-10-23T10:09:39","guid":{"rendered":"http:\/\/rurallascolonias.com.ar\/?p=15529"},"modified":"2017-10-23T17:22:10","modified_gmt":"2017-10-23T17:22:10","slug":"la-participacion-publico-privada-en-las-luchas-sanitarias-es-fundamental","status":"publish","type":"post","link":"http:\/\/rurallascolonias.com.ar\/?p=15529","title":{"rendered":"\u00abLa participaci\u00f3n p\u00fablico-privada en las luchas sanitarias es fundamental\u00bb"},"content":{"rendered":"<p><strong><em><a href=\"http:\/\/rurallascolonias.com.ar\/?attachment_id=15530\" rel=\"attachment wp-att-15530\"><img loading=\"lazy\" class=\"aligncenter size-full wp-image-15530\" src=\"http:\/\/rurallascolonias.com.ar\/wp-content\/uploads\/2017\/10\/langosta.jpg\" alt=\"\" width=\"615\" height=\"348\" srcset=\"http:\/\/rurallascolonias.com.ar\/wp-content\/uploads\/2017\/10\/langosta.jpg 615w, http:\/\/rurallascolonias.com.ar\/wp-content\/uploads\/2017\/10\/langosta-300x170.jpg 300w, http:\/\/rurallascolonias.com.ar\/wp-content\/uploads\/2017\/10\/langosta-600x340.jpg 600w\" sizes=\"(max-width: 615px) 100vw, 615px\" \/><\/a>Lo afirma Juan Pablo Karnatz, prosecretario de CRA<\/em><\/strong><!--more--><\/p>\n<p>En el mes de septiembre tuvo lugar en Tucum\u00e1n el Congreso Regional de Confederaciones Rurales Argentina (CRA), donde se expusieron, entre otros temas, cuestiones referidas a la sanidad animal y vegetal. \u00abCRA se ocupa de la problem\u00e1tica, esto qued\u00f3 demostrado en el Congreso\u00bb, afirm\u00f3 el prosecretario de la entidad, Juan Pablo Karnatz.<\/p>\n<p>De acuerdo con Karnatz, \u00abhoy la\u00a0<b>langosta<\/b>\u00a0es un problema internacional y por eso realizamos reuniones con el Comit\u00e9 de Crisis con gente de Bolivia y Paraguay\u00bb. Siguiendo este punto, expres\u00f3 que \u00abla langosta no conoce l\u00edmites fronterizos\u00bb. En Argentina afecta actualmente a muchas provincias, desde Jujuy hasta C\u00f3rdoba. \u00abAhora estamos en un momento de postura de huevos, esperando los nacimientos. No sabemos exactamente cu\u00e1nto realmente hay\u00bb, dijo el prosecretario de CRA.<\/p>\n<p>En relaci\u00f3n a la situaci\u00f3n actual del\u00a0<b>picudo algodonero<\/b>, el dirigente afirm\u00f3 que \u00abpicudo hay mucho y goza de excelente salud\u00bb. En Santiago del Estero, el algod\u00f3n es cultivo de batalla muy importante para la zona desde el punto de vista socioecon\u00f3mico. \u00abEs una de las luchas fracasadas. Se iba a quedar parado en Formosa y lleg\u00f3 a Santiago del Estero\u00bb.<\/p>\n<p>De acuerdo con Karnatz, al momento, lo que se logr\u00f3 avanzar en la zona de riego, fue con poco apoyo de la provincia y plata de los productores. \u00abSe puede hacer algod\u00f3n de 3 mil kilos rentablemente haciendo las cosas bien\u00bb, manifest\u00f3. Indic\u00f3 que trabajan con el INTA, la provincia, t\u00e9cnicos privados y asociaciones de productores. \u00ab<b>Hay un contacto muy directo con el productor<\/b>, poniendo trampas para ir midiendo cu\u00e1nto picudo hay, y por el otro lado, con el tubo mata picudo que para esa zona sirve porque los lotes no son muy grandes y contiene el primer avance hacia el algod\u00f3n\u00bb, explic\u00f3.<\/p>\n<p>\u00ab<b>Desde CRA creemos que la participaci\u00f3n p\u00fablico-privada en todas las luchas sanitarias es fundamental<\/b>\u00ab, y ejemplific\u00f3 la lucha contra la aftosa como un caso exitoso en esto. Llam\u00f3 a trabajar de la misma manera, con productores comprometidos, la provincia presente y la Naci\u00f3n a trav\u00e9s del SENASA coordinando todas las acciones. \u00abEs la forma que creemos que tenemos que trabajar en todas las luchas, inclusive vegetales\u00bb, asegur\u00f3 Karnatz. En este sentido, \u00abes una filosof\u00eda de trabajo en la cual las tres patas confluyen y se comprometen a trabajar y a operar. Este es el esquema, y despu\u00e9s cada plaga tendr\u00eda un plan operativo t\u00e9cnico-sanitario espec\u00edfico para atacarla\u00bb.<\/p>\n<p>CRA<\/p>\n","protected":false},"excerpt":{"rendered":"<p>Lo afirma Juan Pablo Karnatz, prosecretario de CRA<\/p>\n","protected":false},"author":5,"featured_media":0,"comment_status":"open","ping_status":"open","sticky":false,"template":"","format":"standard","meta":[],"categories":[14],"tags":[95,2095,30,3967,3881],"_links":{"self":[{"href":"http:\/\/rurallascolonias.com.ar\/index.php?rest_route=\/wp\/v2\/posts\/15529"}],"collection":[{"href":"http:\/\/rurallascolonias.com.ar\/index.php?rest_route=\/wp\/v2\/posts"}],"about":[{"href":"http:\/\/rurallascolonias.com.ar\/index.php?rest_route=\/wp\/v2\/types\/post"}],"author":[{"embeddable":true,"href":"http:\/\/rurallascolonias.com.ar\/index.php?rest_route=\/wp\/v2\/users\/5"}],"replies":[{"embeddable":true,"href":"http:\/\/rurallascolonias.com.ar\/index.php?rest_route=%2Fwp%2Fv2%2Fcomments&post=15529"}],"version-history":[{"count":1,"href":"http:\/\/rurallascolonias.com.ar\/index.php?rest_route=\/wp\/v2\/posts\/15529\/revisions"}],"predecessor-version":[{"id":15531,"href":"http:\/\/rurallascolonias.com.ar\/index.php?rest_route=\/wp\/v2\/posts\/15529\/revisions\/15531"}],"wp:attachment":[{"href":"http:\/\/rurallascolonias.com.ar\/index.php?rest_route=%2Fwp%2Fv2%2Fmedia&parent=15529"}],"wp:term":[{"taxonomy":"category","embeddable":true,"href":"http:\/\/rurallascolonias.com.ar\/index.php?rest_route=%2Fwp%2Fv2%2Fcategories&post=15529"},{"taxonomy":"post_tag","embeddable":true,"href":"http:\/\/rurallascolonias.com.ar\/index.php?rest_route=%2Fwp%2Fv2%2Ftags&post=15529"}],"curies":[{"name":"wp","href":"https:\/\/api.w.org\/{rel}","templated":true}]}}