{"id":15518,"date":"2017-10-20T16:51:44","date_gmt":"2017-10-20T16:51:44","guid":{"rendered":"http:\/\/rurallascolonias.com.ar\/?p=15518"},"modified":"2017-10-20T16:51:44","modified_gmt":"2017-10-20T16:51:44","slug":"una-pregunta-a-garcia-maritano-puede-cambiar-la-forma-en-que-el-productor-vende-su-leche","status":"publish","type":"post","link":"http:\/\/rurallascolonias.com.ar\/?p=15518","title":{"rendered":"Una pregunta a Garc\u00eda Maritano: \u00bfPuede cambiar la forma en que el productor vende su leche?"},"content":{"rendered":"<p><strong><em><a href=\"http:\/\/rurallascolonias.com.ar\/?attachment_id=14431\" rel=\"attachment wp-att-14431\"><img loading=\"lazy\" class=\"aligncenter size-full wp-image-14431\" src=\"http:\/\/rurallascolonias.com.ar\/wp-content\/uploads\/2017\/05\/garc\u00eda-maritano.jpg\" alt=\"\" width=\"300\" height=\"300\" srcset=\"http:\/\/rurallascolonias.com.ar\/wp-content\/uploads\/2017\/05\/garc\u00eda-maritano.jpg 300w, http:\/\/rurallascolonias.com.ar\/wp-content\/uploads\/2017\/05\/garc\u00eda-maritano-150x150.jpg 150w\" sizes=\"(max-width: 300px) 100vw, 300px\" \/><\/a>Eduardo Garc\u00eda Maritano, dirigente de Confederaciones Rurales Argentinas (CRA) en esa provincia y especialista en lecher\u00eda, considera que se trata de un gran paso porque podr\u00eda servir de base para fijar cambios de fondo en la forma de comercializar la leche<\/em><\/strong><!--more--><\/p>\n<p>Le preguntamos entonces cu\u00e1l es la importancia que tiene este dictamen:<\/p>\n<p>En el dictamen, en definitiva, se establecen cu\u00e1les son las condiciones comerciales para que el traspaso de propiedad de la leche del productor a la industria se ajuste a derecho. \u201cEste dictamen es una pieza fundamental que confirma que el camino de institucionalizaci\u00f3n de mercado, que emprendieron las entidades confederadas de CRA, y ahora cuenta con el respaldo acad\u00e9mico de una de las instancias m\u00e1s prestigiosas del derecho agrario\u201d, se\u00f1alaron desde esa entidad.<\/p>\n<p>CRA agreg\u00f3 que \u201cEl dictamen deja en claro que la entrega de leche cruda que efect\u00faa el empresario tambero a la industria est\u00e1 enmarcada jur\u00eddicamente en el contrato de suministro y en consecuencia le son aplicables las normas del C\u00f3digo Civil y Comercial referidas al mismo. Por ende, ser\u00eda aconsejable para las partes involucradas, que a trav\u00e9s de sus organizaciones representativas, acordaran la formulaci\u00f3n de contratos marco para cubrir esta operatoria\u201d.<\/p>\n<p>\u00bfContratos marco? \u00bfQu\u00e9 deber\u00edan definir? Al respecto se explic\u00f3 que \u201cdeber\u00edan contener, adem\u00e1s de las caracter\u00edsticas t\u00edpicas de la relaci\u00f3n jur\u00eddica del suministro, aquellas que son propias de la actividad agraria. Asimismo deber\u00eda establecerse el precio de referencia o la forma de determinarlo, para brindar seguridad y transparencia al negocio l\u00e1cteo. El mismo instrumento contractual deber\u00eda determinar el plazo de pago de las entregas realizadas\u201d.<\/p>\n<p>Garc\u00eda Maritano cree que ser\u00eda oportuno que el Congreso Nacional tome este dictamen para hacer lo que deber\u00eda hacer: legislar en la materia. Aspira a una ley \u201cque le otorgue seguridad econ\u00f3mica y jur\u00eddica que hagan m\u00e1s atractivas las inversiones en el sector y por consiguiente ayuden al crecimiento del mismo\u201d.<\/p>\n<p>Fuente: Bichos de Campo<\/p>\n","protected":false},"excerpt":{"rendered":"<p>Eduardo Garc\u00eda Maritano, dirigente de Confederaciones Rurales Argentinas (CRA) en esa provincia y especialista en lecher\u00eda, considera que se trata de un gran paso porque podr\u00eda servir de base para fijar cambios de fondo en la forma de comercializar la leche<\/p>\n","protected":false},"author":5,"featured_media":0,"comment_status":"open","ping_status":"open","sticky":false,"template":"","format":"standard","meta":[],"categories":[46],"tags":[3959,3960,3961,47,65,2938],"_links":{"self":[{"href":"http:\/\/rurallascolonias.com.ar\/index.php?rest_route=\/wp\/v2\/posts\/15518"}],"collection":[{"href":"http:\/\/rurallascolonias.com.ar\/index.php?rest_route=\/wp\/v2\/posts"}],"about":[{"href":"http:\/\/rurallascolonias.com.ar\/index.php?rest_route=\/wp\/v2\/types\/post"}],"author":[{"embeddable":true,"href":"http:\/\/rurallascolonias.com.ar\/index.php?rest_route=\/wp\/v2\/users\/5"}],"replies":[{"embeddable":true,"href":"http:\/\/rurallascolonias.com.ar\/index.php?rest_route=%2Fwp%2Fv2%2Fcomments&post=15518"}],"version-history":[{"count":1,"href":"http:\/\/rurallascolonias.com.ar\/index.php?rest_route=\/wp\/v2\/posts\/15518\/revisions"}],"predecessor-version":[{"id":15519,"href":"http:\/\/rurallascolonias.com.ar\/index.php?rest_route=\/wp\/v2\/posts\/15518\/revisions\/15519"}],"wp:attachment":[{"href":"http:\/\/rurallascolonias.com.ar\/index.php?rest_route=%2Fwp%2Fv2%2Fmedia&parent=15518"}],"wp:term":[{"taxonomy":"category","embeddable":true,"href":"http:\/\/rurallascolonias.com.ar\/index.php?rest_route=%2Fwp%2Fv2%2Fcategories&post=15518"},{"taxonomy":"post_tag","embeddable":true,"href":"http:\/\/rurallascolonias.com.ar\/index.php?rest_route=%2Fwp%2Fv2%2Ftags&post=15518"}],"curies":[{"name":"wp","href":"https:\/\/api.w.org\/{rel}","templated":true}]}}