{"id":1542,"date":"2014-02-25T12:47:56","date_gmt":"2014-02-25T12:47:56","guid":{"rendered":"http:\/\/rurallascolonias.com.ar\/?p=1542"},"modified":"2014-02-25T12:47:56","modified_gmt":"2014-02-25T12:47:56","slug":"hoy-se-reune-la-mesa-para-analizar-el-precio-de-la-carne","status":"publish","type":"post","link":"http:\/\/rurallascolonias.com.ar\/?p=1542","title":{"rendered":"HOY SE RE\u00daNE LA MESA PARA ANALIZAR EL PRECIO DE LA CARNE"},"content":{"rendered":"<p><em><strong><a href=\"http:\/\/rurallascolonias.com.ar\/wp-content\/uploads\/2014\/02\/precios-carne-2.jpg\"><img loading=\"lazy\" class=\"aligncenter size-full wp-image-1543\" alt=\"precios carne 2\" src=\"http:\/\/rurallascolonias.com.ar\/wp-content\/uploads\/2014\/02\/precios-carne-2.jpg\" width=\"259\" height=\"195\" \/><\/a>El jefe de Gabinete, Jorge Capitanich, aclar\u00f3 que el Gobierno \u00abno ha autorizado aumentos\u00bb en ese sector.<\/strong><\/em><\/p>\n<p>El jefe de Gabinete, Jorge Capitanich, anunci\u00f3 que est\u00e1 convocada para hoy la mesa para analizar la situaci\u00f3n del sector de las carnes, en el marco del programa \u00abPrecios cuidados\u00bb, y aclar\u00f3 que el Gobierno \u00abno ha autorizado aumentos\u00bb en ese sector.<!--more--><\/p>\n<p>\u00abHemos observado comportamientos dis\u00edmiles en la cotizaci\u00f3n de las carnes desde Liniers hacia otros mercados regionales, y el traslado de los precios a las g\u00f3ndolas de supermercados o carnicer\u00edas\u00bb, dijo Capitanich en rueda de prensa en Casa de Gobierno.<\/p>\n<p>En ese marco, indic\u00f3 que en la reuni\u00f3n de hoy se va a \u00abanalizar la cadena \u00edntegramente para verificar los incentivos\u00bb.<\/p>\n<p>Seg\u00fan inform\u00f3 el diario BAE, de la reuni\u00f3n participar\u00e1 la industria frigor\u00edfica con destino a al mercado interno as\u00ed como las carnicer\u00edas porte\u00f1as.<\/p>\n<p>Por el momento, la hacienda en el Mercado de Liniers lejos de bajar se mantiene en promedio entre los 15 y 16 pesos el kilo vivo. Un valor que mantiene luego de la devaluaci\u00f3n. Este provoco que la media res que recibe el carnicero oscile en los 34 a 35 pesos el kilo, cuando supo estar antes de la\u00a0suba en 28 pesos.<\/p>\n<p>Fuente: Infocampo<\/p>\n","protected":false},"excerpt":{"rendered":"<p>El jefe de Gabinete, Jorge Capitanich, aclar\u00f3 que el Gobierno \u00abno ha autorizado aumentos\u00bb en ese sector. El jefe de Gabinete, Jorge Capitanich, anunci\u00f3 que est\u00e1 convocada para hoy la mesa para analizar la situaci\u00f3n del sector de las carnes, en el marco del programa \u00abPrecios cuidados\u00bb, y aclar\u00f3 que el Gobierno \u00abno ha autorizado [&hellip;]<\/p>\n","protected":false},"author":5,"featured_media":0,"comment_status":"closed","ping_status":"closed","sticky":false,"template":"","format":"standard","meta":[],"categories":[50],"tags":[201,71,543,74],"_links":{"self":[{"href":"http:\/\/rurallascolonias.com.ar\/index.php?rest_route=\/wp\/v2\/posts\/1542"}],"collection":[{"href":"http:\/\/rurallascolonias.com.ar\/index.php?rest_route=\/wp\/v2\/posts"}],"about":[{"href":"http:\/\/rurallascolonias.com.ar\/index.php?rest_route=\/wp\/v2\/types\/post"}],"author":[{"embeddable":true,"href":"http:\/\/rurallascolonias.com.ar\/index.php?rest_route=\/wp\/v2\/users\/5"}],"replies":[{"embeddable":true,"href":"http:\/\/rurallascolonias.com.ar\/index.php?rest_route=%2Fwp%2Fv2%2Fcomments&post=1542"}],"version-history":[{"count":1,"href":"http:\/\/rurallascolonias.com.ar\/index.php?rest_route=\/wp\/v2\/posts\/1542\/revisions"}],"predecessor-version":[{"id":1544,"href":"http:\/\/rurallascolonias.com.ar\/index.php?rest_route=\/wp\/v2\/posts\/1542\/revisions\/1544"}],"wp:attachment":[{"href":"http:\/\/rurallascolonias.com.ar\/index.php?rest_route=%2Fwp%2Fv2%2Fmedia&parent=1542"}],"wp:term":[{"taxonomy":"category","embeddable":true,"href":"http:\/\/rurallascolonias.com.ar\/index.php?rest_route=%2Fwp%2Fv2%2Fcategories&post=1542"},{"taxonomy":"post_tag","embeddable":true,"href":"http:\/\/rurallascolonias.com.ar\/index.php?rest_route=%2Fwp%2Fv2%2Ftags&post=1542"}],"curies":[{"name":"wp","href":"https:\/\/api.w.org\/{rel}","templated":true}]}}