{"id":15393,"date":"2017-09-25T16:34:48","date_gmt":"2017-09-25T16:34:48","guid":{"rendered":"http:\/\/rurallascolonias.com.ar\/?p=15393"},"modified":"2017-09-25T16:34:48","modified_gmt":"2017-09-25T16:34:48","slug":"vacunacion-antiaftosa","status":"publish","type":"post","link":"http:\/\/rurallascolonias.com.ar\/?p=15393","title":{"rendered":"VACUNACI\u00d3N ANTIAFTOSA"},"content":{"rendered":"<p><strong><em><a href=\"http:\/\/rurallascolonias.com.ar\/?attachment_id=4361\" rel=\"attachment wp-att-4361\"><img loading=\"lazy\" class=\"aligncenter size-full wp-image-4361\" src=\"http:\/\/rurallascolonias.com.ar\/wp-content\/uploads\/2014\/10\/campa\u00f1a-antiaftosa.png\" alt=\"\" width=\"272\" height=\"185\" \/><\/a>La Fundaci\u00f3n Las Colonias, para la erradicaci\u00f3n de la fiebre aftosa, comunica a los productores del Departamento Las Colonias, que el 2 de octubre de 2017 dar\u00e1 inicio la 34\u00aa campa\u00f1a de vacunaci\u00f3n antiaftosa<\/em><\/strong><!--more--><\/p>\n<p>La misma dar\u00e1 comienzo el d\u00eda 2 de octubre de 2017 finalizando el 15 de noviembre.<\/p>\n<p class=\"x_MsoNormal\">\n<p class=\"x_MsoNormal\">\u00a0En esta oportunidad se vacunar\u00e1n las categor\u00edas menores.<\/p>\n<p class=\"x_MsoNormal\">Cabe recordar que tambi\u00e9n se deber\u00e1 \u00a0vacunar \u00a0contra carbunclo. Ante cualquier duda consulte con su veterinario.<\/p>\n<p class=\"x_MsoNormal\">Sociedad Rural de Las Colonias<\/p>\n<p>&nbsp;<\/p>\n<p>&nbsp;<\/p>\n","protected":false},"excerpt":{"rendered":"<p>La Fundaci\u00f3n Las Colonias, para la erradicaci\u00f3n de la fiebre aftosa, comunica a los productores del Departamento Las Colonias, que el 2 de octubre de 2017 dar\u00e1 inicio la 34\u00aa campa\u00f1a de vacunaci\u00f3n antiaftosa<\/p>\n","protected":false},"author":5,"featured_media":0,"comment_status":"open","ping_status":"open","sticky":false,"template":"","format":"standard","meta":[],"categories":[29],"tags":[3938,1932,2312],"_links":{"self":[{"href":"http:\/\/rurallascolonias.com.ar\/index.php?rest_route=\/wp\/v2\/posts\/15393"}],"collection":[{"href":"http:\/\/rurallascolonias.com.ar\/index.php?rest_route=\/wp\/v2\/posts"}],"about":[{"href":"http:\/\/rurallascolonias.com.ar\/index.php?rest_route=\/wp\/v2\/types\/post"}],"author":[{"embeddable":true,"href":"http:\/\/rurallascolonias.com.ar\/index.php?rest_route=\/wp\/v2\/users\/5"}],"replies":[{"embeddable":true,"href":"http:\/\/rurallascolonias.com.ar\/index.php?rest_route=%2Fwp%2Fv2%2Fcomments&post=15393"}],"version-history":[{"count":1,"href":"http:\/\/rurallascolonias.com.ar\/index.php?rest_route=\/wp\/v2\/posts\/15393\/revisions"}],"predecessor-version":[{"id":15394,"href":"http:\/\/rurallascolonias.com.ar\/index.php?rest_route=\/wp\/v2\/posts\/15393\/revisions\/15394"}],"wp:attachment":[{"href":"http:\/\/rurallascolonias.com.ar\/index.php?rest_route=%2Fwp%2Fv2%2Fmedia&parent=15393"}],"wp:term":[{"taxonomy":"category","embeddable":true,"href":"http:\/\/rurallascolonias.com.ar\/index.php?rest_route=%2Fwp%2Fv2%2Fcategories&post=15393"},{"taxonomy":"post_tag","embeddable":true,"href":"http:\/\/rurallascolonias.com.ar\/index.php?rest_route=%2Fwp%2Fv2%2Ftags&post=15393"}],"curies":[{"name":"wp","href":"https:\/\/api.w.org\/{rel}","templated":true}]}}