{"id":15374,"date":"2017-09-19T10:00:34","date_gmt":"2017-09-19T10:00:34","guid":{"rendered":"http:\/\/rurallascolonias.com.ar\/?p=15374"},"modified":"2017-09-19T16:13:24","modified_gmt":"2017-09-19T16:13:24","slug":"media-sancion-para-crear-una-mesa-lechera-santafesina","status":"publish","type":"post","link":"http:\/\/rurallascolonias.com.ar\/?p=15374","title":{"rendered":"Media sanci\u00f3n para crear una mesa lechera santafesina"},"content":{"rendered":"<p><em><strong><a href=\"http:\/\/rurallascolonias.com.ar\/?attachment_id=15375\" rel=\"attachment wp-att-15375\"><img loading=\"lazy\" class=\"aligncenter size-full wp-image-15375\" src=\"http:\/\/rurallascolonias.com.ar\/wp-content\/uploads\/2017\/09\/lecher\u00eda.jpg\" alt=\"\" width=\"230\" height=\"219\" \/><\/a>El Senado aprob\u00f3 el proyecto que busca determinar un precio de referencia para la leche y transparentar las operaciones<\/strong><\/em><!--more--><\/p>\n<p>La C\u00e1mara de Senadores de Santa Fe aprob\u00f3 el proyecto de ley que dispone \u201cla creaci\u00f3n de una mesa de concertaci\u00f3n y determinaci\u00f3n del precio de referencia de la leche en la provincia\u201d, cuyo objetivo apunta a \u201clograr la transparencia y formalizaci\u00f3n de las operaciones realizadas por los actores del rubro l\u00e1cteo\u201d.<\/p>\n<p>Diferentes actores vinculados al sector coincidieron con que la iniciativa puso en evidencia una vez m\u00e1s las elocuentes cifras de la crisis de la lecher\u00eda, al tiempo que dispar\u00f3 un\u00e1nimes cr\u00edticas al gobierno nacional por la \u201cfalta de decisi\u00f3n pol\u00edtica\u201d para asistir a ese sector clave de la econom\u00eda santafesina.<\/p>\n<p>\u201cDe una producci\u00f3n a nivel nacional que lleg\u00f3 a los 12 mil millones litros de leche por a\u00f1o, hoy est\u00e1 en 9 mil millones de litros\u201d, grafic\u00f3 el presidente del bloque de senadores del Frente Progresista, Felipe Michlig (UCR), a la hora de la votaci\u00f3n del proyecto legislativo.<\/p>\n<p>\u201cDe los 30.000 tambos que hab\u00eda 20 a\u00f1os atr\u00e1s en el pa\u00eds hoy s\u00f3lo quedan 10.000\u201d, complet\u00f3 el sombr\u00edo panorama el senador Rub\u00e9n Pirola (Bloque Justicialista), uno de los autores de la iniciativa a la que tambi\u00e9n adhiri\u00f3 su colega de bancada Alcides Calvo y que pas\u00f3 con media sanci\u00f3n a Diputados.<\/p>\n<p>En la C\u00e1mara baja perdi\u00f3 estado parlamentario un proyecto similar que tambi\u00e9n hab\u00eda sido aprobado el a\u00f1o pasado en el Senado.<\/p>\n<p>Cr\u00edtica a la Naci\u00f3n<\/p>\n<p>Al t\u00e9rmino de la sesi\u00f3n de la C\u00e1mara alta, el senador Michlig manifest\u00f3 su preocupaci\u00f3n por el incumplimiento del pr\u00e9stamo que la Naci\u00f3n se comprometi\u00f3 a otorgar a la provincia en enero de 2017, de 250 millones para la integraci\u00f3n del Fondo de Inversi\u00f3n y Desarrollo de la Provincia de Santa Fe.<\/p>\n<p>\u201cEsto fue sancionado por ley e implementado al momento s\u00f3lo con el aporte realizado por el gobierno de Santa Fe\u201d, se lament\u00f3 el legislador por San Crist\u00f3bal, al tiempo que cuestion\u00f3 al \u201cministro de Agricultura de la Naci\u00f3n, Ricardo Buryaile, que en su momento \u2014oficial y p\u00fablicamente\u2014 asumi\u00f3 el compromiso ante el gobernador (Miguel) Lifschitz de ofrecer esa ayuda, que hasta ahora Naci\u00f3n nunca cumpli\u00f3, pese al da\u00f1oso fen\u00f3meno clim\u00e1tico que nos toc\u00f3 vivir en la provincia\u201d.<\/p>\n<p>\u201cDe acuerdo a un informe de la Secretar\u00eda de Lecher\u00eda, a cargo de Pedro Morini, son 1.662 los productores tamberos que solicitaron el cr\u00e9dito y al momento accedieron 867, siendo que hay 560 tamberos, con 75.000 vacas en orde\u00f1e, que corresponden a 16 departamentos que todav\u00eda no pudieron acceder por el incumplimiento de la Naci\u00f3n\u201d, grafic\u00f3 el senador oficialista.<\/p>\n<p>\u201cLa otra contradicci\u00f3n es, que mientras la Naci\u00f3n nos debe 50.000 millones de pesos reconocidos por la Corte Suprema de Justicia por la detracci\u00f3n ilegal de coparticipaci\u00f3n y no aparece ninguna propuesta de pago, tampoco se dignan a cumplir con estos fondos tan necesarios para la producci\u00f3n\u201d, dispar\u00f3.<\/p>\n<p>Michlig coincidi\u00f3 con el senador por el departamento Las Colonias Rub\u00e9n Pirola en que \u201csi hubi\u00e9semos sabido que la Naci\u00f3n no cumplir\u00eda hubi\u00e9ramos buscado en su momento otra alternativa o mecanismo, porque evidentemente no les importa\u201d.<\/p>\n<p>\u201cEstos datos demuestran que la crisis del sector l\u00e1cteo no ha sido debidamente dimensionado a nivel nacional y no se advierte decisi\u00f3n pol\u00edtica para revertir esta situaci\u00f3n\u201d, remarcaron los senadores Pirola y Michlig en su cuestionamiento a las pol\u00edticas econ\u00f3micas y productivas emanadas de la Casa Rosada.<\/p>\n<p>Seg\u00fan consign\u00f3 el senador Pirola, la iniciativa que obtuvo luz verde por unanimidad en la C\u00e1mara alta \u201cfue elaborada en forma conjunta con los funcionarios del Poder Ejecutivo Luis Contigiani, ministro de la Producci\u00f3n, y Pedro Morini, secretario de Lecher\u00eda de Santa Fe.<\/p>\n<p>http:\/\/www.lacapital.com.ar<\/p>\n","protected":false},"excerpt":{"rendered":"<p>El Senado aprob\u00f3 el proyecto que busca determinar un precio de referencia para la leche y transparentar las operaciones<\/p>\n","protected":false},"author":5,"featured_media":0,"comment_status":"open","ping_status":"open","sticky":false,"template":"","format":"standard","meta":[],"categories":[33,1393],"tags":[3351,2533,3935,3074,1414,3010],"_links":{"self":[{"href":"http:\/\/rurallascolonias.com.ar\/index.php?rest_route=\/wp\/v2\/posts\/15374"}],"collection":[{"href":"http:\/\/rurallascolonias.com.ar\/index.php?rest_route=\/wp\/v2\/posts"}],"about":[{"href":"http:\/\/rurallascolonias.com.ar\/index.php?rest_route=\/wp\/v2\/types\/post"}],"author":[{"embeddable":true,"href":"http:\/\/rurallascolonias.com.ar\/index.php?rest_route=\/wp\/v2\/users\/5"}],"replies":[{"embeddable":true,"href":"http:\/\/rurallascolonias.com.ar\/index.php?rest_route=%2Fwp%2Fv2%2Fcomments&post=15374"}],"version-history":[{"count":1,"href":"http:\/\/rurallascolonias.com.ar\/index.php?rest_route=\/wp\/v2\/posts\/15374\/revisions"}],"predecessor-version":[{"id":15376,"href":"http:\/\/rurallascolonias.com.ar\/index.php?rest_route=\/wp\/v2\/posts\/15374\/revisions\/15376"}],"wp:attachment":[{"href":"http:\/\/rurallascolonias.com.ar\/index.php?rest_route=%2Fwp%2Fv2%2Fmedia&parent=15374"}],"wp:term":[{"taxonomy":"category","embeddable":true,"href":"http:\/\/rurallascolonias.com.ar\/index.php?rest_route=%2Fwp%2Fv2%2Fcategories&post=15374"},{"taxonomy":"post_tag","embeddable":true,"href":"http:\/\/rurallascolonias.com.ar\/index.php?rest_route=%2Fwp%2Fv2%2Ftags&post=15374"}],"curies":[{"name":"wp","href":"https:\/\/api.w.org\/{rel}","templated":true}]}}