{"id":15363,"date":"2017-09-18T16:30:37","date_gmt":"2017-09-18T16:30:37","guid":{"rendered":"http:\/\/rurallascolonias.com.ar\/?p=15363"},"modified":"2017-09-18T16:30:37","modified_gmt":"2017-09-18T16:30:37","slug":"michlig-la-nacion-no-cumplio-con-el-apoyo-prometido-al-sector-tambero-de-la-provincia","status":"publish","type":"post","link":"http:\/\/rurallascolonias.com.ar\/?p=15363","title":{"rendered":"Michlig: La naci\u00f3n no cumpli\u00f3 con el apoyo prometido al sector tambero de la provincia"},"content":{"rendered":"<p><strong><em><a href=\"http:\/\/rurallascolonias.com.ar\/?attachment_id=15364\" rel=\"attachment wp-att-15364\"><img loading=\"lazy\" class=\"aligncenter size-full wp-image-15364\" src=\"http:\/\/rurallascolonias.com.ar\/wp-content\/uploads\/2017\/09\/miclicg-300x300.jpg\" alt=\"\" width=\"300\" height=\"300\" srcset=\"http:\/\/rurallascolonias.com.ar\/wp-content\/uploads\/2017\/09\/miclicg-300x300.jpg 300w, http:\/\/rurallascolonias.com.ar\/wp-content\/uploads\/2017\/09\/miclicg-300x300-150x150.jpg 150w\" sizes=\"(max-width: 300px) 100vw, 300px\" \/><\/a>En la \u00faltima sesi\u00f3n ordinaria de la C\u00e1mara de Senadores de la Provincia, el Senador Provincial Felipe Michlig manifest\u00f3 su profunda preocupaci\u00f3n por el incumplimiento del pr\u00e9stamo que la Naci\u00f3n se comprometi\u00f3 a otorgar a la Provincia en enero de 2017, de 250 millones para la integraci\u00f3n del \u201cFondo de Inversi\u00f3n y Desarrollo de la Provincia de Santa Fe\u201d creado por Ley e implementado al momento solo con el aporte realizado por el Gobierno de Santa Fe<\/em><\/strong><!--more--><\/p>\n<p>\u201cFue el propio ministro de Agroindustria, Ricardo Buryaile, que en su momento -oficial y p\u00fablicamente- asumi\u00f3 el compromiso ante el Gobernador Lifschitz de ofrecer esa ayuda, que hasta ahora Naci\u00f3n nunca cumpli\u00f3, pese al da\u00f1oso fen\u00f3meno clim\u00e1tico que nos toc\u00f3 vivir en la provincia\u201d, se\u00f1al\u00f3 Michlig.<br \/>\nAbsoluta insensibilidad<\/p>\n<p>El Pte. del Bloque del FPCyS expres\u00f3 que \u201cla Naci\u00f3n demuestra una absoluta insensibilidad con un sector tan golpeado como el tambero, que de llegar a producir a nivel nacional 12 mil litros de leche por a\u00f1o, hoy est\u00e1 en 9.000 litros, con todo lo que ello implica para el sector l\u00e1cteo\u201d.<\/p>\n<p>El legislador record\u00f3 que el Fondo de Inversi\u00f3n y Desarrollo de la Provincia de Santa Fe\u201d fue aprobado r\u00e1pidamente por la legislatura por un monto de $ 400 millones conformados por $ 150 millones aportados por la Provincia, y el resto por la Naci\u00f3n a trav\u00e9s de un pr\u00e9stamo para ser devuelto por Santa Fe a largo plazo. Pero al momento la Naci\u00f3n nunca cumpli\u00f3 con el envi\u00f3 del dinero, y el FID comenz\u00f3 a funcionar con los 150 millones de la Provincia, con otros 100 millones que luego agreg\u00f3 para seguir apoyando a m\u00e1s productores\u201d.<\/p>\n<p>Todav\u00eda 560 productores no pudieron acceder<\/p>\n<p>\u201cDe acuerdo a un informe de la Secretar\u00eda de Lecher\u00eda, a cargo de Pedro Morini, son 1662 los productores tamberos que solicitaron el cr\u00e9dito y al momento accedieron 867, siendo que hay 560 tamberos, con 75.000 vacas en orde\u00f1e, que corresponden a 16 departamentos que todav\u00eda no pudieron acceder por el incumplimiento de la Naci\u00f3n\u201d.<\/p>\n<p>\u201cLa otra contradicci\u00f3n es, que mientras que la Naci\u00f3n nos debe 50.000 millones de pesos reconocidos por la CSJ por la detracci\u00f3n ilegal de coparticipaci\u00f3n y no aparece ninguna propuesta de pago, tampoco se dignan a cumplir con estos fondos tan necesarios para la producci\u00f3n\u201d.<\/p>\n<p>Tambi\u00e9n el Senador por el departamento Las Colonias Rub\u00e9n Pirola coincidi\u00f3 en que \u201csi hubi\u00e9semos sabido que la Naci\u00f3n no cumplir\u00eda, habr\u00edamos buscado en su momento otra alternativa o mecanismo, pero evidentemente no les importa\u201d.<\/p>\n<p>Importancia de la Ayuda a Tamberos<\/p>\n<p>Michlig se\u00f1al\u00f3 que \u201cel FID tiene por objeto apoyar el desarrollo productivo provincial mediante el otorgamiento de asistencia financiera y\/o pr\u00e9stamos a productores y\/o peque\u00f1as y medianas empresas radicadas en la Provincia de Santa Fe, \u201csobre todo luego de las tremendas precipitaciones sufridas en los primeros meses del a\u00f1o, que golpeo duramente al sector lechero\u201d.<\/p>\n<p>\u201cEn particular la creaci\u00f3n de un Fondo de inversi\u00f3n y desarrollo para la asistencia financiera al sector tambero, permite brindarles un auxilio muy importante, en condiciones muy ventajosas, por ejemplo cr\u00e9ditos con un a\u00f1o de gracia, a devolver en dos a\u00f1os, de 36 cuotas fijas en pesos, y cero tasa de inter\u00e9s, que nos da un promedio de 300 mil pesos para cada tambero ($ 2 mil por vaca, hasta 200 cabezas por productor)\u201d.<\/p>\n<p>http:\/\/movilquique.com.ar<\/p>\n","protected":false},"excerpt":{"rendered":"<p>En la \u00faltima sesi\u00f3n ordinaria de la C\u00e1mara de Senadores de la Provincia, el Senador Provincial Felipe Michlig manifest\u00f3 su profunda preocupaci\u00f3n por el incumplimiento del pr\u00e9stamo que la Naci\u00f3n se comprometi\u00f3 a otorgar a la Provincia en enero de 2017, de 250 millones para la integraci\u00f3n del \u201cFondo de Inversi\u00f3n y Desarrollo de la [&hellip;]<\/p>\n","protected":false},"author":5,"featured_media":0,"comment_status":"open","ping_status":"open","sticky":false,"template":"","format":"standard","meta":[],"categories":[33,1393],"tags":[1033,2658,1224,3934,2729,2876,1777],"_links":{"self":[{"href":"http:\/\/rurallascolonias.com.ar\/index.php?rest_route=\/wp\/v2\/posts\/15363"}],"collection":[{"href":"http:\/\/rurallascolonias.com.ar\/index.php?rest_route=\/wp\/v2\/posts"}],"about":[{"href":"http:\/\/rurallascolonias.com.ar\/index.php?rest_route=\/wp\/v2\/types\/post"}],"author":[{"embeddable":true,"href":"http:\/\/rurallascolonias.com.ar\/index.php?rest_route=\/wp\/v2\/users\/5"}],"replies":[{"embeddable":true,"href":"http:\/\/rurallascolonias.com.ar\/index.php?rest_route=%2Fwp%2Fv2%2Fcomments&post=15363"}],"version-history":[{"count":1,"href":"http:\/\/rurallascolonias.com.ar\/index.php?rest_route=\/wp\/v2\/posts\/15363\/revisions"}],"predecessor-version":[{"id":15365,"href":"http:\/\/rurallascolonias.com.ar\/index.php?rest_route=\/wp\/v2\/posts\/15363\/revisions\/15365"}],"wp:attachment":[{"href":"http:\/\/rurallascolonias.com.ar\/index.php?rest_route=%2Fwp%2Fv2%2Fmedia&parent=15363"}],"wp:term":[{"taxonomy":"category","embeddable":true,"href":"http:\/\/rurallascolonias.com.ar\/index.php?rest_route=%2Fwp%2Fv2%2Fcategories&post=15363"},{"taxonomy":"post_tag","embeddable":true,"href":"http:\/\/rurallascolonias.com.ar\/index.php?rest_route=%2Fwp%2Fv2%2Ftags&post=15363"}],"curies":[{"name":"wp","href":"https:\/\/api.w.org\/{rel}","templated":true}]}}