{"id":15297,"date":"2017-09-06T10:34:19","date_gmt":"2017-09-06T10:34:19","guid":{"rendered":"http:\/\/rurallascolonias.com.ar\/?p=15297"},"modified":"2017-09-06T17:37:25","modified_gmt":"2017-09-06T17:37:25","slug":"carsfe-accionara-contra-los-delitos-rurales","status":"publish","type":"post","link":"http:\/\/rurallascolonias.com.ar\/?p=15297","title":{"rendered":"Carsfe accionar\u00e1 contra los delitos rurales"},"content":{"rendered":"<p><em><strong><a href=\"http:\/\/rurallascolonias.com.ar\/?attachment_id=15298\" rel=\"attachment wp-att-15298\"><img loading=\"lazy\" class=\"aligncenter wp-image-15298 size-medium\" src=\"http:\/\/rurallascolonias.com.ar\/wp-content\/uploads\/2017\/09\/vacas-muertas-300x176.jpg\" alt=\"\" width=\"300\" height=\"176\" srcset=\"http:\/\/rurallascolonias.com.ar\/wp-content\/uploads\/2017\/09\/vacas-muertas-300x176.jpg 300w, http:\/\/rurallascolonias.com.ar\/wp-content\/uploads\/2017\/09\/vacas-muertas-768x450.jpg 768w, http:\/\/rurallascolonias.com.ar\/wp-content\/uploads\/2017\/09\/vacas-muertas.jpg 1024w, http:\/\/rurallascolonias.com.ar\/wp-content\/uploads\/2017\/09\/vacas-muertas-600x352.jpg 600w, http:\/\/rurallascolonias.com.ar\/wp-content\/uploads\/2017\/09\/vacas-muertas-624x366.jpg 624w\" sizes=\"(max-width: 300px) 100vw, 300px\" \/><\/a>La entidad cre\u00f3 una Comisi\u00f3n de Seguridad para abordar de manera integral la problem\u00e1tica. Impulsados por el incremento de il\u00edcitos y el da\u00f1o que implican a las empresas, aspiran a colaborar con las autoridades para solucionar fallas en los procedimientos que impiden aplicar sanciones y resarcir a los damnificados<\/strong><\/em><!--more--><\/p>\n<div id=\"nota_interior\">\n<div id=\"cuerpo_interior\" class=\"cuerpo_interior\">\n<p class=\"selectionShareable\">La Confederaci\u00f3n de Asociaciones Rurales de Santa Fe (Carsfe) decidi\u00f3 crear una Comisi\u00f3n de Seguridad para trabajar de manera integral sobre los delitos que sufren los productores en todo el territorio provincial. Sostienen que la recurrencia cada vez mayor de il\u00edcitos -desde abigeato hasta robo de maquinaria- y la falta de sanciones han generado un estado de situaci\u00f3n preocupante, con consecuencias econ\u00f3micas pero tambi\u00e9n sociales. Por ello consideran \u201cestrat\u00e9gica\u201d esta nueva instancia, en la que aspiran a tomar la problem\u00e1tica \u201ccomo una cadena de valor\u201d sobre la cual detectar \u201cpuntos cr\u00edticos\u201d para avanzar en soluciones de manera conjunta con las autoridades provinciales.<\/p>\n<p class=\"selectionShareable\">\n<p class=\"selectionShareable\">Gerardo Vicentini, coordinador de la flamante comisi\u00f3n, que integran abogados, v\u00edctimas y especialistas, coment\u00f3 las razones por las que la entidad considera central un trabajo profundo sobre la inseguridad rural. Explic\u00f3 que de nada vale \u201cser eficiente tranqueras adentro, mejorando la inseminaci\u00f3n, aumentando la productividad, utilizando la \u00faltima tecnolog\u00eda\u201d si luego \u201cse produce un hecho de inseguridad y afecta ese patrimonio\u201d. Los ejemplos m\u00e1s recurrentes, sobre todo en el norte santafesino, son las faenas de reproductores bovinos de gen\u00e9tica destacada que los cuatreros despostan para llevarse la carne, arruinando s\u00fabitamente el trabajo y la inversi\u00f3n de a\u00f1os. \u201cEsto se ha transformado en un problema social, produce desarraigo, los empleados no quieren quedarse en los campos; eso lleva a desinvertir y los productores est\u00e1n de brazos ca\u00eddos porque nunca hay resultados\u201d, agreg\u00f3.<\/p>\n<p class=\"selectionShareable\">\n<p class=\"selectionShareable\"><strong>Aportar soluciones<\/strong><\/p>\n<p class=\"selectionShareable\">\nEl dirigente sostuvo que la intensificaci\u00f3n de la inseguridad en zona rural tiene la misma dimensi\u00f3n que en \u00e1reas urbanas, pero el fen\u00f3meno no se visualiza porque los casos se comunican aisladamente. Por ello desde la comisi\u00f3n apuntan a coordinar el accionar de las sociedades rurales que padecen delitos e incluso usar redes sociales para notificarlos y aportar fotos. Adelant\u00f3 que el primer paso ser\u00e1 armar una red en Twitter con esa finalidad.<\/p>\n<p class=\"selectionShareable\">\nTambi\u00e9n se propusieron desarrollar protocolos para ayudar al productor a manejarse en todo el proceso judicial que se desarrolla tras la denuncia de un il\u00edcito \u201cpara que pueda hacer el seguimiento de su caso\u201d. Y es porque han detectado que muchos procesos quedan inconclusos, o se demoran en exceso, sin el damnificado no conoce los procedimientos que deben cumplirse durante el desarrollo de la causa.<\/p>\n<p class=\"selectionShareable\">\n\u201cVamos a abordar de manera integral el problema de inseguridad como si fuera una cadena de valor; tomando todos los puntos cr\u00edticos que hacen al proceso, desde la prevenci\u00f3n del delito hasta la condena del imputado, y ver d\u00f3nde est\u00e1 fallando el sistema\u201d, detall\u00f3 Vicentini. Por ejemplo esos momentos clave -agreg\u00f3- podr\u00edan darse en la sincron\u00eda entre la polic\u00eda y el fiscal al momento de las actuaciones; o cuando se instruye la causa, para que el fiscal tenga todo el conocimiento y elementos para documentar correctamente los hechos y evitar que la defensa saque provecho; o en el manejo de los tiempos procesales, que suelen dilatarse y derivan en \u201cque lo productores bajen los brazos y dejen de denunciar\u201d. En resumen, buscar\u00e1n detectar fallas y colaborar con las autoridades para la resoluci\u00f3n de los casos. Pero tambi\u00e9n que no s\u00f3lo haya detenciones, sino condenas y resarcimiento.<\/p>\n<p class=\"selectionShareable\">\n<p class=\"selectionShareable\"><strong>L\u00edneas de acci\u00f3n<\/strong><\/p>\n<p class=\"selectionShareable\">\nVicentini reiter\u00f3 que la entidad considera \u201cestrat\u00e9gica\u201d su comisi\u00f3n, donde est\u00e1n delineando un plan de trabajo con varias l\u00edneas de acci\u00f3n. Una ser\u00e1 buscar la manera de que haya fiscales especializados en delitos rurales, del mismo modo que hay una polic\u00eda espec\u00edfica, para evitar que la sobrecarga de expedientes demore la resoluci\u00f3n de las denuncias. Al respecto tambi\u00e9n piensan en plantear convenios de cooperaci\u00f3n para capacitar fiscales, que muchas veces desconocen el contexto en el que se producen los delitos. \u201cHoy no tienen estad\u00edsticas y las tienen que conseguir a mano\u201d, agreg\u00f3 el ruralista.<\/p>\n<p class=\"selectionShareable\">\nTambi\u00e9n trabajar\u00e1n en el desarrollo de protocolos para que las rurales y asociados tengan herramientas para prevenir el delito o bien saber desenvolverse durante los procedimientos cuando ocurran. Incluso aspiran a dar contenci\u00f3n a v\u00edctimas y, a futuro, desarrollar un cuerpo de abogados para asistirlas.<\/p>\n<p class=\"selectionShareable\">\nPara un mejor comunicaci\u00f3n de la problem\u00e1tica, adem\u00e1s recopilar\u00e1n informaci\u00f3n de modo tal de \u201cponerle valor\u201d a los da\u00f1os y hasta piensan en diagramar un \u201cmapa del delito rural\u201d que facilite el an\u00e1lisis del accionar delictivo.<\/p>\n<p class=\"selectionShareable\">\nEl dirigente indic\u00f3 que sospechan que detr\u00e1s de lo que aparentan ser \u201ccasos aislados\u201d hay organizaciones para delinquir. \u201cun abigeato que parece hormiga puede ser una banda que lo disimula\u201d. En tal sentido mencion\u00f3 el resonante caso en Esteban Rams, donde el presidente comunal est\u00e1 imputado por robo de ganado, y afirm\u00f3: \u201ctrabajan con log\u00edstica y protecci\u00f3n; un sistema muy organizado\u201d.<\/p>\n<\/div>\n<\/div>\n<div class=\"tope-pie\"><\/div>\n<div class=\"cards-nav-icon\">\u00a0<strong>Juan Manuel Fern\u00e1ndez<\/strong><br \/>\n<em>jmfernandez@ellitoral.com<\/em><\/div>\n<div class=\"cards-nav-icon\"><\/div>\n<p>&nbsp;<\/p>\n","protected":false},"excerpt":{"rendered":"<p>La entidad cre\u00f3 una Comisi\u00f3n de Seguridad para abordar de manera integral la problem\u00e1tica. Impulsados por el incremento de il\u00edcitos y el da\u00f1o que implican a las empresas, aspiran a colaborar con las autoridades para solucionar fallas en los procedimientos que impiden aplicar sanciones y resarcir a los damnificados<\/p>\n","protected":false},"author":5,"featured_media":0,"comment_status":"open","ping_status":"open","sticky":false,"template":"","format":"standard","meta":[],"categories":[29],"tags":[120,3928],"_links":{"self":[{"href":"http:\/\/rurallascolonias.com.ar\/index.php?rest_route=\/wp\/v2\/posts\/15297"}],"collection":[{"href":"http:\/\/rurallascolonias.com.ar\/index.php?rest_route=\/wp\/v2\/posts"}],"about":[{"href":"http:\/\/rurallascolonias.com.ar\/index.php?rest_route=\/wp\/v2\/types\/post"}],"author":[{"embeddable":true,"href":"http:\/\/rurallascolonias.com.ar\/index.php?rest_route=\/wp\/v2\/users\/5"}],"replies":[{"embeddable":true,"href":"http:\/\/rurallascolonias.com.ar\/index.php?rest_route=%2Fwp%2Fv2%2Fcomments&post=15297"}],"version-history":[{"count":1,"href":"http:\/\/rurallascolonias.com.ar\/index.php?rest_route=\/wp\/v2\/posts\/15297\/revisions"}],"predecessor-version":[{"id":15299,"href":"http:\/\/rurallascolonias.com.ar\/index.php?rest_route=\/wp\/v2\/posts\/15297\/revisions\/15299"}],"wp:attachment":[{"href":"http:\/\/rurallascolonias.com.ar\/index.php?rest_route=%2Fwp%2Fv2%2Fmedia&parent=15297"}],"wp:term":[{"taxonomy":"category","embeddable":true,"href":"http:\/\/rurallascolonias.com.ar\/index.php?rest_route=%2Fwp%2Fv2%2Fcategories&post=15297"},{"taxonomy":"post_tag","embeddable":true,"href":"http:\/\/rurallascolonias.com.ar\/index.php?rest_route=%2Fwp%2Fv2%2Ftags&post=15297"}],"curies":[{"name":"wp","href":"https:\/\/api.w.org\/{rel}","templated":true}]}}