{"id":15246,"date":"2017-08-31T16:13:14","date_gmt":"2017-08-31T16:13:14","guid":{"rendered":"http:\/\/rurallascolonias.com.ar\/?p=15246"},"modified":"2017-08-31T16:13:14","modified_gmt":"2017-08-31T16:13:14","slug":"pronostican-un-fin-de-semana-con-mal-tiempo-en-el-centro-del-pais-con-tormentas-y-fuertes-vientos","status":"publish","type":"post","link":"http:\/\/rurallascolonias.com.ar\/?p=15246","title":{"rendered":"Pronostican un fin de semana con mal tiempo en el centro del pa\u00eds con tormentas y fuertes vientos"},"content":{"rendered":"<p><strong><em><a href=\"http:\/\/rurallascolonias.com.ar\/?attachment_id=14146\" rel=\"attachment wp-att-14146\"><img loading=\"lazy\" class=\"aligncenter size-full wp-image-14146\" src=\"http:\/\/rurallascolonias.com.ar\/wp-content\/uploads\/2017\/04\/tormenta.jpg\" alt=\"\" width=\"631\" height=\"280\" srcset=\"http:\/\/rurallascolonias.com.ar\/wp-content\/uploads\/2017\/04\/tormenta.jpg 631w, http:\/\/rurallascolonias.com.ar\/wp-content\/uploads\/2017\/04\/tormenta-300x133.jpg 300w, http:\/\/rurallascolonias.com.ar\/wp-content\/uploads\/2017\/04\/tormenta-600x266.jpg 600w, http:\/\/rurallascolonias.com.ar\/wp-content\/uploads\/2017\/04\/tormenta-624x277.jpg 624w\" sizes=\"(max-width: 631px) 100vw, 631px\" \/><\/a>Un informe asegur\u00f3 que seguir\u00e1n las marcas t\u00e9rmicas elevadas en la zona. Adem\u00e1s, adelant\u00f3 que la situaci\u00f3n en el este seguir\u00e1 \u00abcr\u00edtica\u00bb<\/em><\/strong><!--more--><\/p>\n<p>Un informe elaborado por la consultora CCA y difundido por la Bolsa de Comercio de Rosario (BCR), a trav\u00e9s de la Gu\u00eda Estrat\u00e9gica para el Agro (GEA), se\u00f1al\u00f3 que esta semana ser\u00e1 \u201ccr\u00edtica para el este del pa\u00eds\u201d, ya que continuar\u00e1 \u201ctotalmente expuesta a los excesos h\u00eddricos\u201d, y pronostic\u00f3 muy mal tiempo para el s\u00e1bado y domingo, con fuertes vientos y tormentas.<\/p>\n<p>\u201cDebemos destacar que gran parte de Uruguay ya est\u00e1 anexado a este comportamiento. Las provincias de Entre R\u00edos, el sur de Santa Fe y Buenos Aires son las que se encuentran m\u00e1s vulnerables, siendo esta \u00faltima la que en muchos sectores del centro oeste presenta una situaci\u00f3n cr\u00edtica. El contexto meteorol\u00f3gico previsto para esta semana, agrava significativamente la situaci\u00f3n. La \u00fanica ventaja que presenta Entre R\u00edos respecto de Buenos Aires, es su capacidad de drenaje superficial, pero los excesos pluviales tambi\u00e9n son destacados, algo que se repite en Uruguay\u201d, explic\u00f3 el informe.<\/p>\n<p>En ese sentido, afirm\u00f3 que la semana seguir\u00e1 con caracter\u00edsticas de \u201cabundante humedad y temperaturas muy elevadas en todo el territorio nacional. Esta situaci\u00f3n mantendr\u00e1 las condiciones de tiempo inestable en toda la porci\u00f3n central del pa\u00eds, con el desarrollo de precipitaciones de variada intensidad y la presencia de neblina y bancos de niebla durante la ma\u00f1ana\u201d.<\/p>\n<p>\u201cEl mi\u00e9rcoles, el sistema frontal se ir\u00e1 retirando del territorio nacional, desplaz\u00e1ndose hacia el este, por lo que s\u00f3lo se prev\u00e9n precipitaciones sobre la zona costera de la provincia de Buenos Aires. En tanto, sobre el Litoral argentino, todav\u00eda persistir\u00e1n las condiciones de tiempo inestable, aunque la probabilidad de precipitaciones ser\u00e1 muy baja, pudi\u00e9ndose desarrollar alg\u00fan fen\u00f3meno aislado sobre el norte de Entre R\u00edos y el sur de Corrientes, pero con fen\u00f3menos poco significativos. Sobre toda la regi\u00f3n patag\u00f3nica y gran parte de la regi\u00f3n pampeana se observar\u00e1 un significativo descenso de las marcas t\u00e9rmicas, particularmente sobre el sur de la provincia de Buenos Aires, zona que podr\u00eda registrar alguna helada muy d\u00e9bil y aislada. Mientras tanto, sobre el Pac\u00edfico avanzar\u00e1 un nuevo sistema frontal fr\u00edo, que se acercar\u00e1 r\u00e1pidamente a la zona de Chile, lo que podr\u00eda provocar precipitaciones sobre el sector chileno y un importante incremento de la nubosidad sobre la zona cordillerana de la Patagonia argentina\u201d, detall\u00f3 la consultora.<\/p>\n<p>En cuanto al jueves, sostuvo que \u201cel sistema frontal fr\u00edo alcanzar\u00e1 la porci\u00f3n sur del pa\u00eds, lo que desarrollar\u00e1 precipitaciones en forma de lluvias y lloviznas sobre la meseta patag\u00f3nica, con d\u00e9bil intensidad, y nevadas de moderadas a fuertes sobre la zona cordillerana, especialmente de Neuqu\u00e9n y R\u00edo Negro. Mientras tanto, se observar\u00e1 una tregua importante en todo el centro y norte del pa\u00eds. La presencia del viento del sector sur, favorecer\u00e1 al avance de aire m\u00e1s fr\u00edo y seco sobre el centro y norte argentino, lo que permitir\u00e1 algo de estabilidad sobre esa porci\u00f3n del pa\u00eds, inclusive con escasa cobertura nubosa. Asimismo, a pesar del descenso de las marcas t\u00e9rmicas, todav\u00eda se mantendr\u00e1n levemente por encima de los par\u00e1metros normales para el mes de agosto\u201d.<\/p>\n<p>\u201cDurante el viernes, se prev\u00e9 que persista la tregua, aunque se espera que nuevamente el viento rote al sector norte, y vuelvan las condiciones de humedad elevada al centro del territorio nacional. Sobre el sector patag\u00f3nico, se prev\u00e9 el despliegue de lluvias y lloviznas aisladas en la meseta patag\u00f3nica, y nevadas moderadas a fuertes en toda la zona cordillerana, con el epicentro de los fen\u00f3menos m\u00e1s importantes sobre la provincia de Neuqu\u00e9n, seguido de R\u00edo Negro\u201d, subray\u00f3 el relevamiento.<\/p>\n<p>Por \u00faltimo, se refiri\u00f3 al fin de semana y adelant\u00f3 que \u201cvuelve el mal tiempo sobre el centro del pa\u00eds, ya que avanzar\u00e1 el sistema frontal fr\u00edo y nuevamente se generen \u00e1reas de lluvias y tormentas de variada intensidad. Durante el s\u00e1bado se prev\u00e9 que se desarrollen especialmente sobre La Pampa y Buenos Aires, mientras que el domingo podr\u00edan extenderse al resto de la zona pampeana y gran parte del Litoral argentino. En cuanto a las marcas t\u00e9rmicas, seguir\u00e1n siendo elevadas, con la presencia del viento norte y el elevado contenido de humedad en las capas bajas de la atm\u00f3sfera\u201d.<\/p>\n<p>Fuente: Infocampo<\/p>\n","protected":false},"excerpt":{"rendered":"<p>Un informe asegur\u00f3 que seguir\u00e1n las marcas t\u00e9rmicas elevadas en la zona. Adem\u00e1s, adelant\u00f3 que la situaci\u00f3n en el este seguir\u00e1 \u00abcr\u00edtica\u00bb<\/p>\n","protected":false},"author":5,"featured_media":0,"comment_status":"open","ping_status":"open","sticky":false,"template":"","format":"standard","meta":[],"categories":[40],"tags":[757,457,348,3919],"_links":{"self":[{"href":"http:\/\/rurallascolonias.com.ar\/index.php?rest_route=\/wp\/v2\/posts\/15246"}],"collection":[{"href":"http:\/\/rurallascolonias.com.ar\/index.php?rest_route=\/wp\/v2\/posts"}],"about":[{"href":"http:\/\/rurallascolonias.com.ar\/index.php?rest_route=\/wp\/v2\/types\/post"}],"author":[{"embeddable":true,"href":"http:\/\/rurallascolonias.com.ar\/index.php?rest_route=\/wp\/v2\/users\/5"}],"replies":[{"embeddable":true,"href":"http:\/\/rurallascolonias.com.ar\/index.php?rest_route=%2Fwp%2Fv2%2Fcomments&post=15246"}],"version-history":[{"count":1,"href":"http:\/\/rurallascolonias.com.ar\/index.php?rest_route=\/wp\/v2\/posts\/15246\/revisions"}],"predecessor-version":[{"id":15247,"href":"http:\/\/rurallascolonias.com.ar\/index.php?rest_route=\/wp\/v2\/posts\/15246\/revisions\/15247"}],"wp:attachment":[{"href":"http:\/\/rurallascolonias.com.ar\/index.php?rest_route=%2Fwp%2Fv2%2Fmedia&parent=15246"}],"wp:term":[{"taxonomy":"category","embeddable":true,"href":"http:\/\/rurallascolonias.com.ar\/index.php?rest_route=%2Fwp%2Fv2%2Fcategories&post=15246"},{"taxonomy":"post_tag","embeddable":true,"href":"http:\/\/rurallascolonias.com.ar\/index.php?rest_route=%2Fwp%2Fv2%2Ftags&post=15246"}],"curies":[{"name":"wp","href":"https:\/\/api.w.org\/{rel}","templated":true}]}}