{"id":15244,"date":"2017-08-31T10:02:39","date_gmt":"2017-08-31T10:02:39","guid":{"rendered":"http:\/\/rurallascolonias.com.ar\/?p=15244"},"modified":"2017-08-31T16:05:02","modified_gmt":"2017-08-31T16:05:02","slug":"soja-exportadores-alertan-que-bajaran-los-precios-tras-la-sancion-de-ee-uu","status":"publish","type":"post","link":"http:\/\/rurallascolonias.com.ar\/?p=15244","title":{"rendered":"Soja: exportadores alertan que bajar\u00e1n los precios tras la sanci\u00f3n de EE.UU."},"content":{"rendered":"<h3><em><strong><a href=\"http:\/\/rurallascolonias.com.ar\/?attachment_id=7590\" rel=\"attachment wp-att-7590\"><img loading=\"lazy\" class=\"aligncenter size-full wp-image-7590\" src=\"http:\/\/rurallascolonias.com.ar\/wp-content\/uploads\/2015\/08\/d\u00f3lar-soja.jpg\" alt=\"\" width=\"337\" height=\"149\" srcset=\"http:\/\/rurallascolonias.com.ar\/wp-content\/uploads\/2015\/08\/d\u00f3lar-soja.jpg 337w, http:\/\/rurallascolonias.com.ar\/wp-content\/uploads\/2015\/08\/d\u00f3lar-soja-300x133.jpg 300w\" sizes=\"(max-width: 337px) 100vw, 337px\" \/><\/a>Seg\u00fan la c\u00e1mara del sector, la menor demanda por el aceite de soja, materia prima del biodi\u00e9sel, presionar\u00e1 sobre el mercado; el gobernador de Santa Fe impulsa que se use m\u00e1s biocombustible en el pa\u00eds<\/strong><\/em><\/h3>\n<p><!--more--><\/p>\n<p><span class=\"vw-dropcap vw-dropcap-standard\">L<\/span>a\u00a0C\u00e1mara de la Industria Aceitera de la Rep\u00fablica Argentina (Ciara) expres\u00f3 su preocupaci\u00f3n por \u201cla dr\u00e1stica e inesperada ca\u00edda de la demanda de aceite de soja como consecuencia del arbitrario e injustificado bloqueo impuesto por el Departamento de Comercio de Estados Unidos a las exportaciones argentinas de biodi\u00e9sel\u201d.<\/p>\n<p>En un comunicado, la entidad se\u00f1al\u00f3 que \u201cresulta en un importante perjuicio para toda la cadena de valor, que se inicia con el cultivo de la oleaginosa, por cuanto se prev\u00e9 una reducci\u00f3n relativa de precios por el exceso de oferta de la Argentina\u201d.<\/p>\n<p>\u201cEl impacto negativo en la producci\u00f3n de aceite de soja por el bloqueo al biodi\u00e9sel argentino surge de que el a\u00f1o pasado las exportaciones de biodi\u00e9sel a Estados Unidos demandaron alrededor de 1,5 millones de toneladas de aceite de soja\u201d, indic\u00f3 la entidad.<\/p>\n<p>\u201cNo obstante, probablemente el efecto m\u00e1s pernicioso se producir\u00e1 en una baja del precio del poroto de soja, teniendo en cuenta que en 2016 el aceite de soja que insumi\u00f3 el biodi\u00e9sel enviado al mercado norteamericano requiri\u00f3 aproximadamente 7,5 millones de toneladas de poroto de soja\u201d, agreg\u00f3.<\/p>\n<p>La entidad se\u00f1al\u00f3 que \u201crespalda\u201d las gestiones que realiza el Gobierno argentino para \u201cpreservar el mercado de Estados Unidos y tambi\u00e9n para asegurar la reapertura del de la Uni\u00f3n Europea para el biodi\u00e9sel argentino\u201d. Esto \u00faltimo deber\u00e1 someter Europa a votaci\u00f3n el 7 de septiembre.<\/p>\n<p>En tanto, hoy el gobernador de Santa Fe, Miguel Lifschitz, provincia donde se hace el 80% de la producci\u00f3n de biodi\u00e9sel, se reuni\u00f3 con el ministro de Agroindustria, Ricardo Buryaile y el secretario de relaciones econ\u00f3micas internacionales, Horacio Reyser, de Canciller\u00eda.<\/p>\n<p>All\u00ed se habl\u00f3 de la marcha de las gestiones con EE.UU., tambi\u00e9n con Europa y de evaluar en el marco de una mesa de biocombustibles la suba del corte del biodi\u00e9sel en el gasoil, hoy del 10 por ciento. \u201cFue positiva\u201d, dijo el gobernador sobre la reuni\u00f3n con las autoridades oficiales.<\/p>\n<p>Fuente: La Naci\u00f3n<\/p>\n","protected":false},"excerpt":{"rendered":"<p>Seg\u00fan la c\u00e1mara del sector, la menor demanda por el aceite de soja, materia prima del biodi\u00e9sel, presionar\u00e1 sobre el mercado; el gobernador de Santa Fe impulsa que se use m\u00e1s biocombustible en el pa\u00eds<\/p>\n","protected":false},"author":5,"featured_media":0,"comment_status":"open","ping_status":"open","sticky":false,"template":"","format":"standard","meta":[],"categories":[593],"tags":[260,84,106,2407],"_links":{"self":[{"href":"http:\/\/rurallascolonias.com.ar\/index.php?rest_route=\/wp\/v2\/posts\/15244"}],"collection":[{"href":"http:\/\/rurallascolonias.com.ar\/index.php?rest_route=\/wp\/v2\/posts"}],"about":[{"href":"http:\/\/rurallascolonias.com.ar\/index.php?rest_route=\/wp\/v2\/types\/post"}],"author":[{"embeddable":true,"href":"http:\/\/rurallascolonias.com.ar\/index.php?rest_route=\/wp\/v2\/users\/5"}],"replies":[{"embeddable":true,"href":"http:\/\/rurallascolonias.com.ar\/index.php?rest_route=%2Fwp%2Fv2%2Fcomments&post=15244"}],"version-history":[{"count":1,"href":"http:\/\/rurallascolonias.com.ar\/index.php?rest_route=\/wp\/v2\/posts\/15244\/revisions"}],"predecessor-version":[{"id":15245,"href":"http:\/\/rurallascolonias.com.ar\/index.php?rest_route=\/wp\/v2\/posts\/15244\/revisions\/15245"}],"wp:attachment":[{"href":"http:\/\/rurallascolonias.com.ar\/index.php?rest_route=%2Fwp%2Fv2%2Fmedia&parent=15244"}],"wp:term":[{"taxonomy":"category","embeddable":true,"href":"http:\/\/rurallascolonias.com.ar\/index.php?rest_route=%2Fwp%2Fv2%2Fcategories&post=15244"},{"taxonomy":"post_tag","embeddable":true,"href":"http:\/\/rurallascolonias.com.ar\/index.php?rest_route=%2Fwp%2Fv2%2Ftags&post=15244"}],"curies":[{"name":"wp","href":"https:\/\/api.w.org\/{rel}","templated":true}]}}