{"id":15241,"date":"2017-08-31T15:57:40","date_gmt":"2017-08-31T15:57:40","guid":{"rendered":"http:\/\/rurallascolonias.com.ar\/?p=15241"},"modified":"2017-08-31T15:57:40","modified_gmt":"2017-08-31T15:57:40","slug":"biodiesel-santa-fe-y-nacion-se-reunieron-para-analizar-alternativas-de-comercializacion","status":"publish","type":"post","link":"http:\/\/rurallascolonias.com.ar\/?p=15241","title":{"rendered":"Biodiesel: Santa Fe y Naci\u00f3n se reunieron para analizar alternativas de comercializaci\u00f3n"},"content":{"rendered":"<p><strong><em><a href=\"http:\/\/rurallascolonias.com.ar\/?attachment_id=15242\" rel=\"attachment wp-att-15242\"><img loading=\"lazy\" class=\"aligncenter size-full wp-image-15242\" src=\"http:\/\/rurallascolonias.com.ar\/wp-content\/uploads\/2017\/08\/reuni\u00f3n.jpg\" alt=\"\" width=\"300\" height=\"168\" \/><\/a>El encuentro tuvo como protagonistas al gobernador Miguel Lifschitz y al ministro de Agroindustriam, Ricardo Buryaile<\/em><\/strong><!--more--><\/p>\n<div>El Ministro de Agroindustria, Ricardo Buryaile, junto al secretario de Relaciones Econ\u00f3micas Internacionales de Canciller\u00eda, Horacio Reyser; recibieron al gobernador de Santa Fe, Miguel Lifschitz; y representantes de las c\u00e1maras de biodi\u00e9sel, para analizar alternativas de trabajo conjunto frente al escenario actual.<\/div>\n<div><\/div>\n<div>Del encuentro, en el que tambi\u00e9n particip\u00f3 el jefe de Gabinete, Daniel Asseff y el secretario de Agregado de Valor, Nestor Roulet, se avanz\u00f3 en propuestas de acci\u00f3n para reducir el impacto de la decisi\u00f3n de Estados Unidos de aumentar el arancel para el ingreso de biodiesel argentino.<\/div>\n<div><\/div>\n<div>\u00abFue una reuni\u00f3n positiva en la cual el Estado se pone a disposici\u00f3n para encontrar flujos y alternativas de comercializaci\u00f3n\u00bb, se\u00f1al\u00f3 Buryaile, quien adem\u00e1s resalt\u00f3 que \u00absabemos que es importante para las provincias que cuentan con plantas procesadoras que generan empleo y agregado de valor. Es un tema que el mismo presidente Mauricio Macri est\u00e1 trabajando\u00bb.<\/div>\n<div><\/div>\n<div>Por su parte, el gobernador Lifschitz se\u00f1al\u00f3 que entre los temas tratados se encuentran \u00abla agilizaci\u00f3n de tr\u00e1mites para el reingreso a la UE y ver c\u00f3mo aumentar el uso de biodi\u00e9sel en el mercado interno\u00bb.<\/div>\n<div><\/div>\n<div>La semana pasada el Departamento de Comercio de Estados Unidos decidi\u00f3 aplicar aranceles de hasta 64% y retroactivos a mayo pasado para el ingreso de biodiesel argentino a ese destino. Ambos gobiernos comenzaron a mantener reuniones t\u00e9cnicas para tratar de rever la medida tomada.<\/div>\n<p class=\"p1 margin-top\"><strong>Fuente: Nuestro Agro<\/strong><\/p>\n","protected":false},"excerpt":{"rendered":"<p>El encuentro tuvo como protagonistas al gobernador Miguel Lifschitz y al ministro de Agroindustriam, Ricardo Buryaile<\/p>\n","protected":false},"author":5,"featured_media":0,"comment_status":"open","ping_status":"open","sticky":false,"template":"","format":"standard","meta":[],"categories":[1],"tags":[],"_links":{"self":[{"href":"http:\/\/rurallascolonias.com.ar\/index.php?rest_route=\/wp\/v2\/posts\/15241"}],"collection":[{"href":"http:\/\/rurallascolonias.com.ar\/index.php?rest_route=\/wp\/v2\/posts"}],"about":[{"href":"http:\/\/rurallascolonias.com.ar\/index.php?rest_route=\/wp\/v2\/types\/post"}],"author":[{"embeddable":true,"href":"http:\/\/rurallascolonias.com.ar\/index.php?rest_route=\/wp\/v2\/users\/5"}],"replies":[{"embeddable":true,"href":"http:\/\/rurallascolonias.com.ar\/index.php?rest_route=%2Fwp%2Fv2%2Fcomments&post=15241"}],"version-history":[{"count":1,"href":"http:\/\/rurallascolonias.com.ar\/index.php?rest_route=\/wp\/v2\/posts\/15241\/revisions"}],"predecessor-version":[{"id":15243,"href":"http:\/\/rurallascolonias.com.ar\/index.php?rest_route=\/wp\/v2\/posts\/15241\/revisions\/15243"}],"wp:attachment":[{"href":"http:\/\/rurallascolonias.com.ar\/index.php?rest_route=%2Fwp%2Fv2%2Fmedia&parent=15241"}],"wp:term":[{"taxonomy":"category","embeddable":true,"href":"http:\/\/rurallascolonias.com.ar\/index.php?rest_route=%2Fwp%2Fv2%2Fcategories&post=15241"},{"taxonomy":"post_tag","embeddable":true,"href":"http:\/\/rurallascolonias.com.ar\/index.php?rest_route=%2Fwp%2Fv2%2Ftags&post=15241"}],"curies":[{"name":"wp","href":"https:\/\/api.w.org\/{rel}","templated":true}]}}