{"id":15197,"date":"2017-08-25T00:39:49","date_gmt":"2017-08-25T00:39:49","guid":{"rendered":"http:\/\/rurallascolonias.com.ar\/?p=15197"},"modified":"2017-08-25T00:39:49","modified_gmt":"2017-08-25T00:39:49","slug":"crea-santa-fe-centro-realizo-su-tradicional-jornada-de-actualizacion-lechera-con-reconocidos-disertantes","status":"publish","type":"post","link":"http:\/\/rurallascolonias.com.ar\/?p=15197","title":{"rendered":"CREA Santa Fe Centro realiz\u00f3 su tradicional Jornada de Actualizaci\u00f3n lechera con reconocidos disertantes"},"content":{"rendered":"<h2><strong><em><a href=\"http:\/\/rurallascolonias.com.ar\/?attachment_id=15198\" rel=\"attachment wp-att-15198\"><img loading=\"lazy\" class=\"aligncenter size-full wp-image-15198\" src=\"http:\/\/rurallascolonias.com.ar\/wp-content\/uploads\/2017\/08\/JAT-CREA.jpg\" alt=\"\" width=\"960\" height=\"540\" srcset=\"http:\/\/rurallascolonias.com.ar\/wp-content\/uploads\/2017\/08\/JAT-CREA.jpg 960w, http:\/\/rurallascolonias.com.ar\/wp-content\/uploads\/2017\/08\/JAT-CREA-300x169.jpg 300w, http:\/\/rurallascolonias.com.ar\/wp-content\/uploads\/2017\/08\/JAT-CREA-768x432.jpg 768w, http:\/\/rurallascolonias.com.ar\/wp-content\/uploads\/2017\/08\/JAT-CREA-600x338.jpg 600w, http:\/\/rurallascolonias.com.ar\/wp-content\/uploads\/2017\/08\/JAT-CREA-624x351.jpg 624w\" sizes=\"(max-width: 960px) 100vw, 960px\" \/><\/a>Fue hoy en el SUM del CICAE y se abordaron temas relacionadas a la actividad \u00a0con la mira puesta en la eficiencia.\u00a0<\/em><\/strong><\/h2>\n<p><!--more--><\/p>\n<p>La regi\u00f3n Santa Fe Centro del Grupo CREA llev\u00f3 a cabo la Jornada de Actualizaci\u00f3n T\u00e9cnica en Lecher\u00eda. Cont\u00f3 con la participaci\u00f3n de reconocidos disertantes que abordaron \u00a0tem\u00e1ticas que apuestan a la eficiencia productiva; factor humano, clima, contexto econ\u00f3mico, entre otros.<\/p>\n<p><a href=\"http:\/\/rurallascolonias.com.ar\/?attachment_id=15199\" rel=\"attachment wp-att-15199\"><img loading=\"lazy\" class=\"aligncenter size-full wp-image-15199\" src=\"http:\/\/rurallascolonias.com.ar\/wp-content\/uploads\/2017\/08\/JAT-CREA-2.jpg\" alt=\"\" width=\"960\" height=\"540\" srcset=\"http:\/\/rurallascolonias.com.ar\/wp-content\/uploads\/2017\/08\/JAT-CREA-2.jpg 960w, http:\/\/rurallascolonias.com.ar\/wp-content\/uploads\/2017\/08\/JAT-CREA-2-300x169.jpg 300w, http:\/\/rurallascolonias.com.ar\/wp-content\/uploads\/2017\/08\/JAT-CREA-2-768x432.jpg 768w, http:\/\/rurallascolonias.com.ar\/wp-content\/uploads\/2017\/08\/JAT-CREA-2-600x338.jpg 600w, http:\/\/rurallascolonias.com.ar\/wp-content\/uploads\/2017\/08\/JAT-CREA-2-624x351.jpg 624w\" sizes=\"(max-width: 960px) 100vw, 960px\" \/><\/a>Bajo el lema \u201cConstruyendo empresas simples, rentables y atractivas para la gente en el nuevo contexto clim\u00e1tico y de negocio\u00bb, C\u00e9sar Bertero, integrante de la Comisi\u00f3n de Lecher\u00eda de la regi\u00f3n Santa Fe Centro de CREA dijo haber superado las expectativas ya que tuvieron un n\u00famero de gente importante y los sponsors tambi\u00e9n.<\/p>\n<p>Esta Jornada se realiza todos los a\u00f1os \u00abuna vez sacadas las conclusiones de la desarrollada hoy en Esperanza, seguramente comenzaremos a planificar la de 2018 y en qu\u00e9 zona hacerse\u00bb, agreg\u00f3 Bertero.<\/p>\n<p>&nbsp;<\/p>\n","protected":false},"excerpt":{"rendered":"<p>Fue hoy en el SUM del CICAE y se abordaron temas relacionadas a la actividad \u00a0con la mira puesta en la eficiencia.\u00a0<\/p>\n","protected":false},"author":5,"featured_media":0,"comment_status":"open","ping_status":"open","sticky":false,"template":"","format":"standard","meta":[],"categories":[2306],"tags":[143,1144],"_links":{"self":[{"href":"http:\/\/rurallascolonias.com.ar\/index.php?rest_route=\/wp\/v2\/posts\/15197"}],"collection":[{"href":"http:\/\/rurallascolonias.com.ar\/index.php?rest_route=\/wp\/v2\/posts"}],"about":[{"href":"http:\/\/rurallascolonias.com.ar\/index.php?rest_route=\/wp\/v2\/types\/post"}],"author":[{"embeddable":true,"href":"http:\/\/rurallascolonias.com.ar\/index.php?rest_route=\/wp\/v2\/users\/5"}],"replies":[{"embeddable":true,"href":"http:\/\/rurallascolonias.com.ar\/index.php?rest_route=%2Fwp%2Fv2%2Fcomments&post=15197"}],"version-history":[{"count":1,"href":"http:\/\/rurallascolonias.com.ar\/index.php?rest_route=\/wp\/v2\/posts\/15197\/revisions"}],"predecessor-version":[{"id":15200,"href":"http:\/\/rurallascolonias.com.ar\/index.php?rest_route=\/wp\/v2\/posts\/15197\/revisions\/15200"}],"wp:attachment":[{"href":"http:\/\/rurallascolonias.com.ar\/index.php?rest_route=%2Fwp%2Fv2%2Fmedia&parent=15197"}],"wp:term":[{"taxonomy":"category","embeddable":true,"href":"http:\/\/rurallascolonias.com.ar\/index.php?rest_route=%2Fwp%2Fv2%2Fcategories&post=15197"},{"taxonomy":"post_tag","embeddable":true,"href":"http:\/\/rurallascolonias.com.ar\/index.php?rest_route=%2Fwp%2Fv2%2Ftags&post=15197"}],"curies":[{"name":"wp","href":"https:\/\/api.w.org\/{rel}","templated":true}]}}