{"id":15171,"date":"2017-08-23T16:02:47","date_gmt":"2017-08-23T16:02:47","guid":{"rendered":"http:\/\/rurallascolonias.com.ar\/?p=15171"},"modified":"2017-08-23T16:02:47","modified_gmt":"2017-08-23T16:02:47","slug":"agroindustria-y-empresarios-del-sector-lacteo-iniciaron-mision-comercial-en-china-y-corea-del-sur","status":"publish","type":"post","link":"http:\/\/rurallascolonias.com.ar\/?p=15171","title":{"rendered":"Agroindustria y empresarios del sector l\u00e1cteo iniciaron misi\u00f3n comercial en China y Corea del Sur"},"content":{"rendered":"<p><em><strong><a href=\"http:\/\/rurallascolonias.com.ar\/?attachment_id=3678\" rel=\"attachment wp-att-3678\"><img loading=\"lazy\" class=\"aligncenter size-full wp-image-3678\" src=\"http:\/\/rurallascolonias.com.ar\/wp-content\/uploads\/2014\/08\/sector-l\u00e1cteo-2.jpg\" alt=\"\" width=\"264\" height=\"191\" \/><\/a>La misma se extender\u00e1 hasta el 26 de agosto, en busca de la apertura de esos mercados a los l\u00e1cteos producidos en el pa\u00eds<\/strong><\/em><!--more--><\/p>\n<p>\u201cEl Ministerio junto con el sector privado avanza en una estrat\u00e9gica comercial para aumentar la oferta y el ingreso de leche y derivados a pa\u00edses de todos los continentes, con rondas de negocios, reuniones con importadores, bilaterales y empresas exportadoras\u201d, indic\u00f3 la cartera agroindustrial.<\/p>\n<p>Al respecto, la secretaria de Mercados Agroindustriales, Marisa Bircher, sostuvo que el pa\u00eds est\u00e1 \u201ca la altura de la demanda de un mercado mundial din\u00e1mico y exigente, y nosotros queremos llegar con la calidad y el valor agregado de nuestros l\u00e1cteos\u201d.<\/p>\n<p>El subsecretario de Lecher\u00eda, Alejandro Sammartino, remarc\u00f3 que se eval\u00faa \u201clas necesidades de la producci\u00f3n, damos financiamiento y reunimos a toda la cadena para trabajar juntos en el mismo objetivo, producir y vender m\u00e1s, darles competitividad\u201d.<\/p>\n<p>Posterior a esta gira, representantes del Ministerio y actores del sector realizar\u00e1n una nueva misi\u00f3n al sur de Brasil, principal destino de las exportaciones l\u00e1cteas de nuestro pa\u00eds, con la visita a las ciudades de Porto Alegre, Curitiba y Florian\u00f3polis del 3 al 7 de septiembre.<\/p>\n<p>En octubre, empresarios participar\u00e1n de la que se va a llevar a cabo en Nigeria y Kenia y en la Feria Internacional ANUGA, en Alemania.<\/p>\n<p>\u201cEl objetivo es promover contactos entre empresas y profesionales por medio de entrevistas personalizadas con importadores y distribuidores del sector agroindustrial. Las c\u00e1maras y empresas que participen de la misi\u00f3n cuentan con apoyo t\u00e9cnico, log\u00edstico y econ\u00f3mico. Y adem\u00e1s, los empresarios tendr\u00e1n la posibilidad de visitar supermercados, empresas, centros comerciales y tiendas gourmets en el pa\u00eds vecino\u201d, se\u00f1alaron desde Agroindustria.<\/p>\n<p>A la fecha ya se han realizado misiones comerciales a Argelia y Brasil (7 empresas del sector visitaron San Pablo, Recife y Belo Horizonte), a la vez que se ha participado en la Feria Internacional de Alimentos SIAL (Par\u00eds), Fancy Food (NY), y se realiz\u00f3 una misi\u00f3n inversa con el destacado Grupo Casino, uno de los mayores distribuidores a nivel mundial.<\/p>\n<p>Con respecto a la participaci\u00f3n en ferias internacionales tambi\u00e9n se estar\u00e1 brindando apoyo al sector en la Ronda Internacional de Negocios \u201cLac Flavors\u201d en noviembre.<\/p>\n<p>Por \u00faltimo, informaron que los equipos t\u00e9cnicos de la Secretar\u00eda de Mercados Agroindustriales est\u00e1n llevando adelante las negociaciones e intercambios espec\u00edficos para continuar con la apertura de nuevos mercados de leche, como lo es a la Uni\u00f3n Europea, India, M\u00e9xico o Colombia, al mismo tiempo que \u201cse est\u00e1 buscando avanzar en Tratados de Libre Comercio con Corea del Sur y Canad\u00e1\u201d.<\/p>\n<p>http:\/\/www.agritotal.com<\/p>\n","protected":false},"excerpt":{"rendered":"<p>La misma se extender\u00e1 hasta el 26 de agosto, en busca de la apertura de esos mercados a los l\u00e1cteos producidos en el pa\u00eds<\/p>\n","protected":false},"author":5,"featured_media":0,"comment_status":"open","ping_status":"open","sticky":false,"template":"","format":"standard","meta":[],"categories":[14],"tags":[],"_links":{"self":[{"href":"http:\/\/rurallascolonias.com.ar\/index.php?rest_route=\/wp\/v2\/posts\/15171"}],"collection":[{"href":"http:\/\/rurallascolonias.com.ar\/index.php?rest_route=\/wp\/v2\/posts"}],"about":[{"href":"http:\/\/rurallascolonias.com.ar\/index.php?rest_route=\/wp\/v2\/types\/post"}],"author":[{"embeddable":true,"href":"http:\/\/rurallascolonias.com.ar\/index.php?rest_route=\/wp\/v2\/users\/5"}],"replies":[{"embeddable":true,"href":"http:\/\/rurallascolonias.com.ar\/index.php?rest_route=%2Fwp%2Fv2%2Fcomments&post=15171"}],"version-history":[{"count":1,"href":"http:\/\/rurallascolonias.com.ar\/index.php?rest_route=\/wp\/v2\/posts\/15171\/revisions"}],"predecessor-version":[{"id":15173,"href":"http:\/\/rurallascolonias.com.ar\/index.php?rest_route=\/wp\/v2\/posts\/15171\/revisions\/15173"}],"wp:attachment":[{"href":"http:\/\/rurallascolonias.com.ar\/index.php?rest_route=%2Fwp%2Fv2%2Fmedia&parent=15171"}],"wp:term":[{"taxonomy":"category","embeddable":true,"href":"http:\/\/rurallascolonias.com.ar\/index.php?rest_route=%2Fwp%2Fv2%2Fcategories&post=15171"},{"taxonomy":"post_tag","embeddable":true,"href":"http:\/\/rurallascolonias.com.ar\/index.php?rest_route=%2Fwp%2Fv2%2Ftags&post=15171"}],"curies":[{"name":"wp","href":"https:\/\/api.w.org\/{rel}","templated":true}]}}