{"id":15162,"date":"2017-08-22T17:06:52","date_gmt":"2017-08-22T17:06:52","guid":{"rendered":"http:\/\/rurallascolonias.com.ar\/?p=15162"},"modified":"2017-08-22T17:06:52","modified_gmt":"2017-08-22T17:06:52","slug":"jonagro-calienta-motores-y-ya-tiene-todo-listo-para-la-cita-del-29-de-agosto","status":"publish","type":"post","link":"http:\/\/rurallascolonias.com.ar\/?p=15162","title":{"rendered":"Jonagro calienta motores y ya tiene todo listo para la cita del 29 de agosto"},"content":{"rendered":"<p><em><strong><a href=\"http:\/\/rurallascolonias.com.ar\/?attachment_id=15163\" rel=\"attachment wp-att-15163\"><img loading=\"lazy\" class=\"aligncenter size-full wp-image-15163\" src=\"http:\/\/rurallascolonias.com.ar\/wp-content\/uploads\/2017\/08\/jonagro-logo-960.jpg\" alt=\"\" width=\"960\" height=\"426\" srcset=\"http:\/\/rurallascolonias.com.ar\/wp-content\/uploads\/2017\/08\/jonagro-logo-960.jpg 960w, http:\/\/rurallascolonias.com.ar\/wp-content\/uploads\/2017\/08\/jonagro-logo-960-300x133.jpg 300w, http:\/\/rurallascolonias.com.ar\/wp-content\/uploads\/2017\/08\/jonagro-logo-960-768x341.jpg 768w, http:\/\/rurallascolonias.com.ar\/wp-content\/uploads\/2017\/08\/jonagro-logo-960-600x266.jpg 600w, http:\/\/rurallascolonias.com.ar\/wp-content\/uploads\/2017\/08\/jonagro-logo-960-624x277.jpg 624w\" sizes=\"(max-width: 960px) 100vw, 960px\" \/><\/a>La jornada se realizar\u00e1 el martes 29 de agosto en la Bolsa de Cereales de Buenos Aires, organizado por Confederaciones Rurales Argentinas, y con entrada libre y gratuita<\/strong><\/em><!--more--><\/p>\n<p>La Jornada Nacional del Agro (JONAGRO) plantear\u00e1 bajo distintos escenarios los temas centrales que hacen a la competitividad del sector agroindustrial. Tras una primera exitosa edici\u00f3n en el 2016 que cont\u00f3 con la presencia de disertantes de gran nivel, JONAGRO resume en este 2017 su esp\u00edritu en la necesidad de lograr una mayor competitividad como el gran objetivo fundamental. Al igual de lo sucedido el a\u00f1o pasado se espera la presencia del presidente de la Naci\u00f3n Mauricio Macri.<\/p>\n<h2>Los escenarios que se plantear\u00e1n<\/h2>\n<p>En primer t\u00e9rmino, el Doctor en Econom\u00eda Jos\u00e9 Luis Espert, evaluar\u00e1 el escenario impositivo dentro de una mirada macro econ\u00f3mica, analizando los impuestos nacionales, provinciales y lo que sucede con los costos del transporte.<\/p>\n<p>A media ma\u00f1ana sobre las cadenas de valor y el costo argentino en los precios del pan, la carne y la leche disertar\u00e1 el economista jefe de la Fundaci\u00f3n Agropecuaria para el Desarrollo de Argentina (FADA), David Miazzo.<\/p>\n<p>Al mediod\u00eda se analizar\u00e1n los escenarios financieros, desde el lado del financiamiento tradicional, a trav\u00e9s del economista Rodolfo Santangelo, y el financiamiento no bancario a trav\u00e9s de la economista de Coninagro Silvina Campos Carles.<\/p>\n<p>Por la tarde las charlas comienzan con un an\u00e1lisis del escenario que engloba a los reg\u00edmenes salariales y el costo laboral internacional de la mano del presidente de la Asociaci\u00f3n de Peque\u00f1as y Medianas Empresas L\u00e1cteas (APYMEL), Pablo Villano. Dentro de este panel tambi\u00e9n estar\u00e1 el economista se\u00f1or y especialista en econom\u00edas regionales de IERAL, Jorge Day exponiendo sobre el costo laboral en las econom\u00edas regionales.<\/p>\n<p>En el escenario dedicado a la infraestructura y la log\u00edstica, sobre el desempe\u00f1o y costos log\u00edsticos expondr\u00e1 el Decano del Instituto Tecnol\u00f3gico Ferroviario de la Universidad Nacional de San Mart\u00edn (UNSAM), Jos\u00e9 Barbero. Sobre la competitividad a corto y largo plazo desde una mirada de los puertos disertar\u00e1 el presidente del Consorcio de Gesti\u00f3n del Puerto de Quequ\u00e9n, Arturo Rojas.<\/p>\n<p>Finalmente como cierre de las exposiciones t\u00e9cnicas expondr\u00e1 sobre competitividad, transporte y log\u00edstica, el empresario Gustavo Grobocopatel.<\/p>\n<p>JONAGRO finaliza adem\u00e1s con un reconocimiento a la labor de los integrantes de la Mesa de Enlace del 2008.<\/p>\n<p>La entrada gratuita, pero con cupos limitados. La cita es en el Sal\u00f3n San Mart\u00edn de la Bolsa de Cereales de Buenos Aires, Av. Corrientes 123, CABA.<\/p>\n<p>Para inscribirse y participar debe ingresar y completar el formulario de inscripci\u00f3n en\u00a0<a href=\"http:\/\/www.jonagro.com.ar\/\" target=\"_blank\" rel=\"noopener noreferrer\">www.jonagro.com.ar<\/a><\/p>\n<p><a href=\"http:\/\/rurallascolonias.com.ar\/?attachment_id=15164\" rel=\"attachment wp-att-15164\"><img loading=\"lazy\" class=\"aligncenter size-full wp-image-15164\" src=\"http:\/\/rurallascolonias.com.ar\/wp-content\/uploads\/2017\/08\/Jonagro.png\" alt=\"\" width=\"768\" height=\"1623\" srcset=\"http:\/\/rurallascolonias.com.ar\/wp-content\/uploads\/2017\/08\/Jonagro.png 768w, http:\/\/rurallascolonias.com.ar\/wp-content\/uploads\/2017\/08\/Jonagro-142x300.png 142w, http:\/\/rurallascolonias.com.ar\/wp-content\/uploads\/2017\/08\/Jonagro-485x1024.png 485w, http:\/\/rurallascolonias.com.ar\/wp-content\/uploads\/2017\/08\/Jonagro-600x1268.png 600w, http:\/\/rurallascolonias.com.ar\/wp-content\/uploads\/2017\/08\/Jonagro-624x1319.png 624w\" sizes=\"(max-width: 768px) 100vw, 768px\" \/><\/a><\/p>\n","protected":false},"excerpt":{"rendered":"<p>La jornada se realizar\u00e1 el martes 29 de agosto en la Bolsa de Cereales de Buenos Aires, organizado por Confederaciones Rurales Argentinas, y con entrada libre y gratuita<\/p>\n","protected":false},"author":5,"featured_media":0,"comment_status":"open","ping_status":"open","sticky":false,"template":"","format":"standard","meta":[],"categories":[14],"tags":[3144],"_links":{"self":[{"href":"http:\/\/rurallascolonias.com.ar\/index.php?rest_route=\/wp\/v2\/posts\/15162"}],"collection":[{"href":"http:\/\/rurallascolonias.com.ar\/index.php?rest_route=\/wp\/v2\/posts"}],"about":[{"href":"http:\/\/rurallascolonias.com.ar\/index.php?rest_route=\/wp\/v2\/types\/post"}],"author":[{"embeddable":true,"href":"http:\/\/rurallascolonias.com.ar\/index.php?rest_route=\/wp\/v2\/users\/5"}],"replies":[{"embeddable":true,"href":"http:\/\/rurallascolonias.com.ar\/index.php?rest_route=%2Fwp%2Fv2%2Fcomments&post=15162"}],"version-history":[{"count":1,"href":"http:\/\/rurallascolonias.com.ar\/index.php?rest_route=\/wp\/v2\/posts\/15162\/revisions"}],"predecessor-version":[{"id":15165,"href":"http:\/\/rurallascolonias.com.ar\/index.php?rest_route=\/wp\/v2\/posts\/15162\/revisions\/15165"}],"wp:attachment":[{"href":"http:\/\/rurallascolonias.com.ar\/index.php?rest_route=%2Fwp%2Fv2%2Fmedia&parent=15162"}],"wp:term":[{"taxonomy":"category","embeddable":true,"href":"http:\/\/rurallascolonias.com.ar\/index.php?rest_route=%2Fwp%2Fv2%2Fcategories&post=15162"},{"taxonomy":"post_tag","embeddable":true,"href":"http:\/\/rurallascolonias.com.ar\/index.php?rest_route=%2Fwp%2Fv2%2Ftags&post=15162"}],"curies":[{"name":"wp","href":"https:\/\/api.w.org\/{rel}","templated":true}]}}