{"id":15039,"date":"2017-08-04T13:33:16","date_gmt":"2017-08-04T13:33:16","guid":{"rendered":"http:\/\/rurallascolonias.com.ar\/?p=15039"},"modified":"2017-08-04T13:33:16","modified_gmt":"2017-08-04T13:33:16","slug":"expo-rural-rafaela-una-escuela-esperancina-gano-la-17-edicion-de-la-olimpiada-agrotecnica","status":"publish","type":"post","link":"http:\/\/rurallascolonias.com.ar\/?p=15039","title":{"rendered":"Expo Rural Rafaela: una escuela esperancina gan\u00f3 la 17\u00b0 edici\u00f3n de la Olimp\u00edada Agrot\u00e9cnica"},"content":{"rendered":"<h2><strong><em><a href=\"http:\/\/rurallascolonias.com.ar\/?attachment_id=15040\" rel=\"attachment wp-att-15040\"><img loading=\"lazy\" class=\"aligncenter wp-image-15040 size-medium\" src=\"http:\/\/rurallascolonias.com.ar\/wp-content\/uploads\/2017\/08\/Olimp\u00edadas-300x169.jpg\" alt=\"\" width=\"300\" height=\"169\" srcset=\"http:\/\/rurallascolonias.com.ar\/wp-content\/uploads\/2017\/08\/Olimp\u00edadas-300x169.jpg 300w, http:\/\/rurallascolonias.com.ar\/wp-content\/uploads\/2017\/08\/Olimp\u00edadas-600x338.jpg 600w, http:\/\/rurallascolonias.com.ar\/wp-content\/uploads\/2017\/08\/Olimp\u00edadas.jpg 608w\" sizes=\"(max-width: 300px) 100vw, 300px\" \/><\/a>Organizada por el reconocido instituto IDESA (Ataliva), se desarroll\u00f3 la tradicional competencia educativa de colegios agrot\u00e9cnicos en el marco de la Expo<\/em><\/strong><\/h2>\n<p><!--more--><\/p>\n<p>La 17\u00b0 edici\u00f3n de las Olimp\u00edadas Agrot\u00e9cnicas que organiza IDESA (Ataliva) concluy\u00f3 hoy jueves, con un fuerte apoyo del Ministerio de la Producci\u00f3n y la empresa Claas Argentina, en el marco de la Expo Rural Rafaela.<\/p>\n<p>El primer puesto fue para la Escuela de Agricultura, Ganader\u00eda y Granja (Esperanza, Santa Fe). Como premio, Claas Argentina les permitir\u00e1 a los alumnos visitar su centro de capacitaci\u00f3n \u00abAcademia Class\u00bb en Oncativo, C\u00f3rdoba.<\/p>\n<p>El segundo lugar fue para la Escuela de Educaci\u00f3n Agrot\u00e9cnica \u00abLas Delicias\u00bb (Villa Gobernador Luis Etchevehere, Entre R\u00edos), mientras que el tercer puesto lo ocup\u00f3 la Escuela de Educaci\u00f3n T\u00e9cnico Porfesional n\u00b0 295 \u00abGeneral Manuel Obligado\u00bb (La Potasa, Santa Fe).<\/p>\n<p>En total, fueron once los establecimientos que participaron: Escuela de la\u00a0<strong>Familia Agr\u00edcola<\/strong>\u00a0n\u00b0 8248 (Totoras, Santa Fe); Escuela de Educaci\u00f3n Secundaria T\u00e9cnico Profesional Particular Incorporada n\u00b0 2047 \u00ab<strong>Los Colonizadores<\/strong>\u00bb (Santo Domingo, Santa Fe); Escuela de\u00a0<strong>Agricultura, Ganader\u00eda y Granja<\/strong>\u00a0(Esperanza, Santa Fe); Escuela de Educaci\u00f3n T\u00e9cnico Profesional n\u00b0 301 \u00ab<strong>Mariano Moreno<\/strong>\u00bb (Landeta, Santa Fe); la Escuela de Educaci\u00f3n\u00a0<strong>T\u00e9cnico Profesional<\/strong>\u00a0<strong>n\u00b0 380\u00a0<\/strong>(Mar\u00eda Juana, Santa Fe); Escuela de Educaci\u00f3n Secundaria Modalidad T\u00e9cnico Profesional Particular Incorporada n\u00b0 2050 \u00ab<strong>Monse\u00f1or Vicente F. Zazpe<\/strong>\u00ab(Emilia, Santa Fe); Escuela de Educaci\u00f3n T\u00e9cnico Profesional n\u00b0 299 \u00ab<strong>Carlos Sylvestre Begnis<\/strong>\u00bb (Sa Pereira, Santa Fe); Escuela de Educaci\u00f3n T\u00e9cnico Profesional n\u00b0 295 \u00ab<strong>General Manuel Obligado<\/strong>\u00bb (La Potasa, Santa Fe); Escuela de Educaci\u00f3n T\u00e9cnico Profesional n\u00b0 691 \u00ab<strong>Laureana Ferrari de Olaz\u00e1bal<\/strong>\u00bb (Laguna Paiva, Santa Fe); y la Escuela de Educaci\u00f3n Agrot\u00e9cnica \u00ab<strong>Las Delicias<\/strong>\u00bb (Villa Gobernador Luis Etchevehere, Entre R\u00edos).<\/p>\n<p>Cabe destacar que el jurado estuvo conformado por el M\u00e9dico Veterinario Miguel Muller; Ingeniera Agr\u00f3noma Mariela Pece (INTA Rafaela); Ingeniero Agr\u00f3nomo Juan Manuel Orcellet (INTA Rafaela); docentes y alumnos de IDESA.<\/p>\n<p><strong>Fuente: Nuestro Agro\/ Foto gentileza<\/strong><\/p>\n","protected":false},"excerpt":{"rendered":"<p>Organizada por el reconocido instituto IDESA (Ataliva), se desarroll\u00f3 la tradicional competencia educativa de colegios agrot\u00e9cnicos en el marco de la Expo<\/p>\n","protected":false},"author":5,"featured_media":0,"comment_status":"open","ping_status":"open","sticky":false,"template":"","format":"standard","meta":[],"categories":[14],"tags":[3876,2133,3877],"_links":{"self":[{"href":"http:\/\/rurallascolonias.com.ar\/index.php?rest_route=\/wp\/v2\/posts\/15039"}],"collection":[{"href":"http:\/\/rurallascolonias.com.ar\/index.php?rest_route=\/wp\/v2\/posts"}],"about":[{"href":"http:\/\/rurallascolonias.com.ar\/index.php?rest_route=\/wp\/v2\/types\/post"}],"author":[{"embeddable":true,"href":"http:\/\/rurallascolonias.com.ar\/index.php?rest_route=\/wp\/v2\/users\/5"}],"replies":[{"embeddable":true,"href":"http:\/\/rurallascolonias.com.ar\/index.php?rest_route=%2Fwp%2Fv2%2Fcomments&post=15039"}],"version-history":[{"count":1,"href":"http:\/\/rurallascolonias.com.ar\/index.php?rest_route=\/wp\/v2\/posts\/15039\/revisions"}],"predecessor-version":[{"id":15041,"href":"http:\/\/rurallascolonias.com.ar\/index.php?rest_route=\/wp\/v2\/posts\/15039\/revisions\/15041"}],"wp:attachment":[{"href":"http:\/\/rurallascolonias.com.ar\/index.php?rest_route=%2Fwp%2Fv2%2Fmedia&parent=15039"}],"wp:term":[{"taxonomy":"category","embeddable":true,"href":"http:\/\/rurallascolonias.com.ar\/index.php?rest_route=%2Fwp%2Fv2%2Fcategories&post=15039"},{"taxonomy":"post_tag","embeddable":true,"href":"http:\/\/rurallascolonias.com.ar\/index.php?rest_route=%2Fwp%2Fv2%2Ftags&post=15039"}],"curies":[{"name":"wp","href":"https:\/\/api.w.org\/{rel}","templated":true}]}}