{"id":1502,"date":"2014-02-22T17:01:20","date_gmt":"2014-02-22T17:01:20","guid":{"rendered":"http:\/\/rurallascolonias.com.ar\/?p=1502"},"modified":"2014-02-22T17:01:20","modified_gmt":"2014-02-22T17:01:20","slug":"paraguas-en-mano-que-sigue-la-lluvia","status":"publish","type":"post","link":"http:\/\/rurallascolonias.com.ar\/?p=1502","title":{"rendered":"PARAGUAS EN MANO QUE SIGUE LA LLUVIA"},"content":{"rendered":"<p><em><strong><a href=\"http:\/\/rurallascolonias.com.ar\/wp-content\/uploads\/2014\/02\/paraguas.jpg\"><img loading=\"lazy\" class=\"aligncenter size-full wp-image-1506\" alt=\"paraguas\" src=\"http:\/\/rurallascolonias.com.ar\/wp-content\/uploads\/2014\/02\/paraguas.jpg\" width=\"275\" height=\"183\" \/><\/a>Sigue el mal tiempo: los mayores aportes de lluvias se mantendr\u00e1n en el norte del pa\u00eds<\/strong><\/em><\/p>\n<p>Hoy s\u00e1bado siguen las condiciones de tiempo inestable con lluvias y tormentas \u2013algunas eventualmente intensas\u2013 sobre el centro y norte del territorio nacional. Se prev\u00e9 que las precipitaciones vengan acompa\u00f1adas por un descenso de las temperaturas.<!--more--><\/p>\n<p>Hacia el domingo se prev\u00e9 que el sistema de mal tiempo se desplace hacia el norte del pa\u00eds para promover la aparici\u00f3n de lluvias y tormentas en buena parte del NOA y especialmente del NEA.<\/p>\n<p>Hacia el lunes se proyecta el pasaje de un sistema frontal que se desplazar\u00eda desde el norte patag\u00f3nico hacia el norte argentino para promover la generaci\u00f3n de lluvias y tormentas aisladas.<\/p>\n<p>En el norte argentino habr\u00eda tiempo caluroso y h\u00famedo con nubosidad en aumento, mientras que en el centro del pa\u00eds se espera un marcado descenso de las temperaturas debido al ingreso de una masa de aire m\u00e1s fr\u00eda (se registrar\u00edan adem\u00e1s vientos intensos del sector sudeste).<\/p>\n<p>Durante martes y mi\u00e9rcoles se prev\u00e9 que sigan las condiciones de tiempo inestable \u2013con algunas lluvias y tormentas aisladas\u2013 sobre buena parte del norte del pa\u00eds (el mejoramiento de las condiciones con descenso de las temperaturas se prev\u00e9 reci\u00e9n el jueves).<\/p>\n<p>&nbsp;<\/p>\n<p>&nbsp;<\/p>\n<div>\n<div>INTA<\/div>\n<\/div>\n","protected":false},"excerpt":{"rendered":"<p>Sigue el mal tiempo: los mayores aportes de lluvias se mantendr\u00e1n en el norte del pa\u00eds Hoy s\u00e1bado siguen las condiciones de tiempo inestable con lluvias y tormentas \u2013algunas eventualmente intensas\u2013 sobre el centro y norte del territorio nacional. Se prev\u00e9 que las precipitaciones vengan acompa\u00f1adas por un descenso de las temperaturas.<\/p>\n","protected":false},"author":5,"featured_media":0,"comment_status":"closed","ping_status":"closed","sticky":false,"template":"","format":"standard","meta":[],"categories":[40],"tags":[112,613],"_links":{"self":[{"href":"http:\/\/rurallascolonias.com.ar\/index.php?rest_route=\/wp\/v2\/posts\/1502"}],"collection":[{"href":"http:\/\/rurallascolonias.com.ar\/index.php?rest_route=\/wp\/v2\/posts"}],"about":[{"href":"http:\/\/rurallascolonias.com.ar\/index.php?rest_route=\/wp\/v2\/types\/post"}],"author":[{"embeddable":true,"href":"http:\/\/rurallascolonias.com.ar\/index.php?rest_route=\/wp\/v2\/users\/5"}],"replies":[{"embeddable":true,"href":"http:\/\/rurallascolonias.com.ar\/index.php?rest_route=%2Fwp%2Fv2%2Fcomments&post=1502"}],"version-history":[{"count":2,"href":"http:\/\/rurallascolonias.com.ar\/index.php?rest_route=\/wp\/v2\/posts\/1502\/revisions"}],"predecessor-version":[{"id":1507,"href":"http:\/\/rurallascolonias.com.ar\/index.php?rest_route=\/wp\/v2\/posts\/1502\/revisions\/1507"}],"wp:attachment":[{"href":"http:\/\/rurallascolonias.com.ar\/index.php?rest_route=%2Fwp%2Fv2%2Fmedia&parent=1502"}],"wp:term":[{"taxonomy":"category","embeddable":true,"href":"http:\/\/rurallascolonias.com.ar\/index.php?rest_route=%2Fwp%2Fv2%2Fcategories&post=1502"},{"taxonomy":"post_tag","embeddable":true,"href":"http:\/\/rurallascolonias.com.ar\/index.php?rest_route=%2Fwp%2Fv2%2Ftags&post=1502"}],"curies":[{"name":"wp","href":"https:\/\/api.w.org\/{rel}","templated":true}]}}