{"id":14998,"date":"2017-08-01T18:54:26","date_gmt":"2017-08-01T18:54:26","guid":{"rendered":"http:\/\/rurallascolonias.com.ar\/?p=14998"},"modified":"2017-08-01T18:54:26","modified_gmt":"2017-08-01T18:54:26","slug":"en-un-ano-los-lacteos-subieron-311","status":"publish","type":"post","link":"http:\/\/rurallascolonias.com.ar\/?p=14998","title":{"rendered":"En un a\u00f1o, los l\u00e1cteos subieron 31,1%"},"content":{"rendered":"<p><em><strong><a href=\"http:\/\/rurallascolonias.com.ar\/?attachment_id=14999\" rel=\"attachment wp-att-14999\"><img loading=\"lazy\" class=\"aligncenter size-full wp-image-14999\" src=\"http:\/\/rurallascolonias.com.ar\/wp-content\/uploads\/2017\/08\/El-poder-de-la-gondola-300x300.jpg\" alt=\"\" width=\"300\" height=\"300\" srcset=\"http:\/\/rurallascolonias.com.ar\/wp-content\/uploads\/2017\/08\/El-poder-de-la-gondola-300x300.jpg 300w, http:\/\/rurallascolonias.com.ar\/wp-content\/uploads\/2017\/08\/El-poder-de-la-gondola-300x300-150x150.jpg 150w\" sizes=\"(max-width: 300px) 100vw, 300px\" \/><\/a>Estos productos son, lejos, los que m\u00e1s aumentaron en el \u00faltimo a\u00f1o<\/strong><\/em><!--more--><\/p>\n<p>Despu\u00e9s de varios meses de aumentos consecutivos, esta vez, en julio, los l\u00e1cteos se abarataron 1,5 por ciento. Pero estos productos son, lejos, los que m\u00e1s aumentaron en el \u00faltimo a\u00f1o. Seg\u00fan el relevamiento de este diario en cuatro supermercados, la variaci\u00f3n fue de 31,1 por ciento.<\/p>\n<p>Mucho m\u00e1s atr\u00e1s les sigue el sector de tocador y limpieza, con una suba equivalente a la mitad de ese porcentaje.<\/p>\n<p>La manteca se dispar\u00f3 con la salida de la marca SanCor de las g\u00f3ndolas en medio del conflicto que atraviesa la cooperativa. Aument\u00f3 68,1 por ciento, mucho m\u00e1s que el resto de los productos que componen la canasta. El paquete de 200 gramos pas\u00f3 de 26,05 a 43,80 pesos en 12 meses.<\/p>\n<p>Le leche, en tanto, tambi\u00e9n aument\u00f3 31,1 por ciento. El sach\u00e9 de la leche entera marca Sancor que relevaba este diario no est\u00e1 m\u00e1s en los supermercados.<\/p>\n<p>En su lugar, tomamos La Seren\u00edsima, cuyo precio est\u00e1 por encima de otras marcas. El litro vale 23,02 pesos promedio.<\/p>\n<p>Los quesos no se quedaron atr\u00e1s: el incremento interanual ronda el 18 por ciento.<\/p>\n<p>Los productos de almac\u00e9n se encarecieron 20,1 por ciento entre 2016 y 2017.<\/p>\n<p>Tocador y limpieza tuvo una variaci\u00f3n de 15,5 por ciento y la carne, de 7,1 por ciento.<\/p>\n<p>Lo \u00fanico que se mantiene son las precios de las frutas y verduras, que tuvieron una leve baja de 0,7 por ciento.<\/p>\n<p>http:\/\/www.lavoz.com.ar\/<\/p>\n","protected":false},"excerpt":{"rendered":"<p>Estos productos son, lejos, los que m\u00e1s aumentaron en el \u00faltimo a\u00f1o<\/p>\n","protected":false},"author":5,"featured_media":0,"comment_status":"open","ping_status":"open","sticky":false,"template":"","format":"standard","meta":[],"categories":[46],"tags":[9,3677],"_links":{"self":[{"href":"http:\/\/rurallascolonias.com.ar\/index.php?rest_route=\/wp\/v2\/posts\/14998"}],"collection":[{"href":"http:\/\/rurallascolonias.com.ar\/index.php?rest_route=\/wp\/v2\/posts"}],"about":[{"href":"http:\/\/rurallascolonias.com.ar\/index.php?rest_route=\/wp\/v2\/types\/post"}],"author":[{"embeddable":true,"href":"http:\/\/rurallascolonias.com.ar\/index.php?rest_route=\/wp\/v2\/users\/5"}],"replies":[{"embeddable":true,"href":"http:\/\/rurallascolonias.com.ar\/index.php?rest_route=%2Fwp%2Fv2%2Fcomments&post=14998"}],"version-history":[{"count":1,"href":"http:\/\/rurallascolonias.com.ar\/index.php?rest_route=\/wp\/v2\/posts\/14998\/revisions"}],"predecessor-version":[{"id":15000,"href":"http:\/\/rurallascolonias.com.ar\/index.php?rest_route=\/wp\/v2\/posts\/14998\/revisions\/15000"}],"wp:attachment":[{"href":"http:\/\/rurallascolonias.com.ar\/index.php?rest_route=%2Fwp%2Fv2%2Fmedia&parent=14998"}],"wp:term":[{"taxonomy":"category","embeddable":true,"href":"http:\/\/rurallascolonias.com.ar\/index.php?rest_route=%2Fwp%2Fv2%2Fcategories&post=14998"},{"taxonomy":"post_tag","embeddable":true,"href":"http:\/\/rurallascolonias.com.ar\/index.php?rest_route=%2Fwp%2Fv2%2Ftags&post=14998"}],"curies":[{"name":"wp","href":"https:\/\/api.w.org\/{rel}","templated":true}]}}