{"id":1496,"date":"2014-02-21T16:07:38","date_gmt":"2014-02-21T16:07:38","guid":{"rendered":"http:\/\/rurallascolonias.com.ar\/?p=1496"},"modified":"2014-02-21T16:07:38","modified_gmt":"2014-02-21T16:07:38","slug":"la-carne-recien-bajaria-en-junio","status":"publish","type":"post","link":"http:\/\/rurallascolonias.com.ar\/?p=1496","title":{"rendered":"LA CARNE RECI\u00c9N BAJAR\u00cdA EN JUNIO"},"content":{"rendered":"<p><em><a href=\"http:\/\/rurallascolonias.com.ar\/wp-content\/uploads\/2014\/02\/carne-2.jpg\"><img loading=\"lazy\" class=\"aligncenter size-full wp-image-1497\" alt=\"carne 2\" src=\"http:\/\/rurallascolonias.com.ar\/wp-content\/uploads\/2014\/02\/carne-2.jpg\" width=\"259\" height=\"194\" \/><\/a>Uno de los precios que m\u00e1s preocupa al Gobierno, la carne, se resiste a bajar. Y esta vez obedece a razones naturales, al ciclo de producci\u00f3n ganadera. En marzo y abril se produce el llamado destete de invernada de los terneros que pesan en ese momento alrededor de 180 kilos. Para que puedan salir al mercado deben engordar hasta llegar a los 300 o 340 kilos. El proceso tarda de tres a cuatro meses. As\u00ed las cosas, reci\u00e9n habr\u00eda una mayor oferta de animales en los mercados hacia junio, julio.<!--more--><\/em><\/p>\n<p>\u00abPodr\u00e1n cerrar las exportaciones pero la oferta de ganado no va a aparecer hasta esa fecha\u00bb, dijo a Clar\u00edn el consultor V\u00edctor Tonelli.<\/p>\n<p>De acuerdo con N\u00e9stor Roulet, ex vicepresidente de CRA (Confederaciones Rurales Argentinas) hay un faltante estacional.<\/p>\n<p>Con seis cortes en el sistema de precios cuidados, adem\u00e1s de las salchichas y hamburguesas, el precio de la carne es clave para el \u00e9xito de ese acuerdo. El Gobierno opt\u00f3 por frenar los permisos de exportaci\u00f3n a los frigor\u00edficos.<\/p>\n<p>Pero lejos de solucionar las cosas, las complica. Muchas plantas est\u00e1nsuspendiendo personal mientras pierden contratos en el exterior.<\/p>\n<p>Roulet cont\u00f3 ayer en declaraciones a Radio Ciudad, que Argentina apenas logr\u00f3 embarques por US$ 1.400 millones en 2013, la mitad de otros a\u00f1os siendo superada por Uruguay y Paraguay.<\/p>\n<p>El pa\u00eds pas\u00f3 de enviar al exterior casi 500.000 toneladas (peso producto) en 2007 antes de la intervenci\u00f3n de Guillermo Moreno en ese mercado a las 132.000 toneladas del a\u00f1o pasado. Y de ser el tercer exportador mundial de carne vacuna cay\u00f3 al d\u00e9cimo puesto.<\/p>\n<p><strong>Clar\u00edn<\/strong><\/p>\n","protected":false},"excerpt":{"rendered":"<p>Uno de los precios que m\u00e1s preocupa al Gobierno, la carne, se resiste a bajar. Y esta vez obedece a razones naturales, al ciclo de producci\u00f3n ganadera. En marzo y abril se produce el llamado destete de invernada de los terneros que pesan en ese momento alrededor de 180 kilos. Para que puedan salir al [&hellip;]<\/p>\n","protected":false},"author":5,"featured_media":0,"comment_status":"closed","ping_status":"closed","sticky":false,"template":"","format":"standard","meta":[],"categories":[42],"tags":[379,106],"_links":{"self":[{"href":"http:\/\/rurallascolonias.com.ar\/index.php?rest_route=\/wp\/v2\/posts\/1496"}],"collection":[{"href":"http:\/\/rurallascolonias.com.ar\/index.php?rest_route=\/wp\/v2\/posts"}],"about":[{"href":"http:\/\/rurallascolonias.com.ar\/index.php?rest_route=\/wp\/v2\/types\/post"}],"author":[{"embeddable":true,"href":"http:\/\/rurallascolonias.com.ar\/index.php?rest_route=\/wp\/v2\/users\/5"}],"replies":[{"embeddable":true,"href":"http:\/\/rurallascolonias.com.ar\/index.php?rest_route=%2Fwp%2Fv2%2Fcomments&post=1496"}],"version-history":[{"count":1,"href":"http:\/\/rurallascolonias.com.ar\/index.php?rest_route=\/wp\/v2\/posts\/1496\/revisions"}],"predecessor-version":[{"id":1498,"href":"http:\/\/rurallascolonias.com.ar\/index.php?rest_route=\/wp\/v2\/posts\/1496\/revisions\/1498"}],"wp:attachment":[{"href":"http:\/\/rurallascolonias.com.ar\/index.php?rest_route=%2Fwp%2Fv2%2Fmedia&parent=1496"}],"wp:term":[{"taxonomy":"category","embeddable":true,"href":"http:\/\/rurallascolonias.com.ar\/index.php?rest_route=%2Fwp%2Fv2%2Fcategories&post=1496"},{"taxonomy":"post_tag","embeddable":true,"href":"http:\/\/rurallascolonias.com.ar\/index.php?rest_route=%2Fwp%2Fv2%2Ftags&post=1496"}],"curies":[{"name":"wp","href":"https:\/\/api.w.org\/{rel}","templated":true}]}}