{"id":1493,"date":"2014-02-21T15:55:10","date_gmt":"2014-02-21T15:55:10","guid":{"rendered":"http:\/\/rurallascolonias.com.ar\/?p=1493"},"modified":"2014-02-21T15:55:10","modified_gmt":"2014-02-21T15:55:10","slug":"el-campo-se-opone-a-controles-online-sobre-mercado-de-granos","status":"publish","type":"post","link":"http:\/\/rurallascolonias.com.ar\/?p=1493","title":{"rendered":"EL CAMPO SE OPONE A CONTROLES ONLINE SOBRE MERCADO DE GRANOS"},"content":{"rendered":"<div><a href=\"http:\/\/rurallascolonias.com.ar\/wp-content\/uploads\/2014\/02\/FERRERO-5.jpg\"><img loading=\"lazy\" class=\"alignleft size-full wp-image-1494\" alt=\"FERRERO 5\" src=\"http:\/\/rurallascolonias.com.ar\/wp-content\/uploads\/2014\/02\/FERRERO-5.jpg\" width=\"248\" height=\"156\" \/><\/a>El titular de CRA, Rub\u00e9n Ferrero, cuestion\u00f3 la decisi\u00f3n de la AFIP de informatizar el registro de movimientos de cereales, oleaginosos y legumbres secas. \u201cEs m\u00e1s de lo mismo\u201d, dijo a Cadena 3.<\/div>\n<div><\/div>\n<div>\n<p>El titular de Confederaciones Rurales Argentinas (CRA), Rub\u00e9n Ferrero, cuestion\u00f3 la decisi\u00f3n del Gobierno de informatizar el registro de movimientos de granos y opin\u00f3 que es \u201cm\u00e1s de lo mismo: m\u00e1s controles\u201d.<!--more--><\/p>\n<p>En di\u00e1logo con\u00a0<b>Cadena 3<\/b>, Ferrero dijo este jueves que, con esta medida, se contin\u00faa con la \u201cl\u00f3gica de seguir persiguiendo a los productores argentinos\u201d.<\/p>\n<p>La AFIP decidi\u00f3 informatizar el registro de \u00abmovimientos y existencias de granos\u00bb, en el cual deber\u00e1n inscribirse en forma obligatoria los comercializadores para poder vender, con el fin de controlar el d\u00eda a d\u00eda de uno de los sectores m\u00e1s sensibles para las arcas del fisco.<\/p>\n<p>Se trata del \u00abR\u00e9gimen de Registraci\u00f3n Sist\u00e9mica de Movimientos y Existencias de Granos no destinados a la siembra\u00bb (cereales y oleaginosos y legumbres secas -porotos, arvejas y lentejas-), establecido a trav\u00e9s de una resoluci\u00f3n general publicada este jueves en el Bolet\u00edn Oficial.<\/p>\n<p>La nueva norma entrar\u00e1 en vigencia el primero de abril pr\u00f3ximo y, con este nuevo esquema, los productores deber\u00e1n ingresar a la web de la AFIP para declarar las \u00abexistencias de granos a la hora cero del d\u00eda de entrada en vigencia del presente r\u00e9gimen o, en su caso, del d\u00eda de inicio de actividades\u00bb.<\/p>\n<p>El titular de la AFIP, Ricardo Echegaray, busc\u00f3 aclarar que la nueva disposici\u00f3n sobre control de granos \u00abno implica un aumento del control fiscal\u00bb y explic\u00f3 que se trata s\u00f3lo de \u00abinformatizar\u00bb el registro que ya existe desde 2009.<\/p>\n<p>Pero en lo concreto, el Gobierno busca apretar los controles sobre una cuesti\u00f3n sensible, la liquidaci\u00f3n de divisas, con una verificaci\u00f3n m\u00e1s exhaustiva de ventas y stocks.<\/p>\n<p>El funcionario dijo que la nueva resoluci\u00f3n destinada a los acopiadores consiste en \u00abdarle un instrumento tecnol\u00f3gico para facilitarle la tarea de informar a la AFIP\u00bb.<\/p>\n<p>\u00abEl registro de granos existe desde hace cinco a\u00f1os y a partir de esta resoluci\u00f3n lo que tendr\u00e1n que hacer es informar en forma electr\u00f3nica y no anotarlo en un libro, como lo hacen hasta ahora\u00bb, se\u00f1al\u00f3 Echegaray.<\/p>\n<p>Fuente:\u00a0<a title=\"Cadena3\" href=\"http:\/\/www.cadena3.com\/\">Cadena3<\/a><\/p>\n<\/div>\n","protected":false},"excerpt":{"rendered":"<p>El titular de CRA, Rub\u00e9n Ferrero, cuestion\u00f3 la decisi\u00f3n de la AFIP de informatizar el registro de movimientos de cereales, oleaginosos y legumbres secas. \u201cEs m\u00e1s de lo mismo\u201d, dijo a Cadena 3. El titular de Confederaciones Rurales Argentinas (CRA), Rub\u00e9n Ferrero, cuestion\u00f3 la decisi\u00f3n del Gobierno de informatizar el registro de movimientos de granos [&hellip;]<\/p>\n","protected":false},"author":5,"featured_media":0,"comment_status":"closed","ping_status":"closed","sticky":false,"template":"","format":"standard","meta":[],"categories":[42],"tags":[610,611,612,373,609],"_links":{"self":[{"href":"http:\/\/rurallascolonias.com.ar\/index.php?rest_route=\/wp\/v2\/posts\/1493"}],"collection":[{"href":"http:\/\/rurallascolonias.com.ar\/index.php?rest_route=\/wp\/v2\/posts"}],"about":[{"href":"http:\/\/rurallascolonias.com.ar\/index.php?rest_route=\/wp\/v2\/types\/post"}],"author":[{"embeddable":true,"href":"http:\/\/rurallascolonias.com.ar\/index.php?rest_route=\/wp\/v2\/users\/5"}],"replies":[{"embeddable":true,"href":"http:\/\/rurallascolonias.com.ar\/index.php?rest_route=%2Fwp%2Fv2%2Fcomments&post=1493"}],"version-history":[{"count":1,"href":"http:\/\/rurallascolonias.com.ar\/index.php?rest_route=\/wp\/v2\/posts\/1493\/revisions"}],"predecessor-version":[{"id":1495,"href":"http:\/\/rurallascolonias.com.ar\/index.php?rest_route=\/wp\/v2\/posts\/1493\/revisions\/1495"}],"wp:attachment":[{"href":"http:\/\/rurallascolonias.com.ar\/index.php?rest_route=%2Fwp%2Fv2%2Fmedia&parent=1493"}],"wp:term":[{"taxonomy":"category","embeddable":true,"href":"http:\/\/rurallascolonias.com.ar\/index.php?rest_route=%2Fwp%2Fv2%2Fcategories&post=1493"},{"taxonomy":"post_tag","embeddable":true,"href":"http:\/\/rurallascolonias.com.ar\/index.php?rest_route=%2Fwp%2Fv2%2Ftags&post=1493"}],"curies":[{"name":"wp","href":"https:\/\/api.w.org\/{rel}","templated":true}]}}