{"id":14889,"date":"2017-07-21T17:05:40","date_gmt":"2017-07-21T17:05:40","guid":{"rendered":"http:\/\/rurallascolonias.com.ar\/?p=14889"},"modified":"2017-07-21T17:05:40","modified_gmt":"2017-07-21T17:05:40","slug":"buryaile-sobre-cristina-kirchner-cuando-la-veo-en-el-campo-siento-un-dejo-de-ironia","status":"publish","type":"post","link":"http:\/\/rurallascolonias.com.ar\/?p=14889","title":{"rendered":"Buryaile sobre Cristina Kirchner: \u201cCuando la veo en el campo siento un dejo de iron\u00eda\u201d"},"content":{"rendered":"<h3><em><a href=\"http:\/\/rurallascolonias.com.ar\/?attachment_id=10865\" rel=\"attachment wp-att-10865\"><img loading=\"lazy\" class=\"alignleft size-full wp-image-10865\" src=\"http:\/\/rurallascolonias.com.ar\/wp-content\/uploads\/2016\/05\/BURYAILE.jpg\" alt=\"\" width=\"275\" height=\"183\" \/><\/a>El ministro de Agroindustria critic\u00f3 el video que la ex presidenta realiz\u00f3 en un tambo de Lincoln. \u201cTrata de mostrar lo que no hizo, que es dialogar con el sector agropecuario\u201d, dijo Buryaile<\/em><\/h3>\n<p><!--more--><\/p>\n<p><span class=\"vw-dropcap vw-dropcap-standard\">E<\/span>l ministro de Agroindustria, Ricardo Buryaile, se refiri\u00f3 al video que la ex presidenta y actual precandidata a senadora por la provincia de Buenos Aires, Cristina Kirchner, realiz\u00f3 en un tambo del partido de Lincoln, en el que se mostr\u00f3 junto a un productor conversando acerca de los problemas del sector lechero.<\/p>\n<p>\u201cLa ex presidenta hoy trata de mostrar lo que no hizo, que es dialogar con el sector agropecuario. Ojal\u00e1 hubiera hecho eso en sus ocho a\u00f1os de gobierno. Ojal\u00e1 se hubiera acercado a hablar con un productor para preguntarle que le pasaba, porque, de esa manera, nos hubi\u00e9ramos ahorrado muchos problemas los argentinos y estar\u00edamos mucho mejor. Cuando la veo en el campo lo siento un dejo de iron\u00eda\u201d, expres\u00f3 Buryaile en el marco de la 131 Exposici\u00f3n Rural.<\/p>\n<p>En ese sentido, el ministro habl\u00f3 del futuro del sector agropecuario en la Argentina tras las elecciones. \u201cC\u00f3mo va a estar el campo depende de c\u00f3mo nos vaya a los argentinos en estas elecciones tambi\u00e9n. Si uno piensa que dentro de alg\u00fan tiempo, que yo creo que no existe tal posibilidad, vamos a volver al pasado, la realidad no va a ser la misma. No vamos a tener las 18 millones de toneladas de trigo, ni las 49 millones de toneladas de ma\u00edz, ni los mercados del mundo\u201d, remarc\u00f3.<\/p>\n<p>\u201cDe todas maneras, yo creo que eso no va a pasar porque la gente mira al futuro y no al pasado y que con eso vamos a tener un sector pujante, con desarrollo de econom\u00edas regionales, con Argentina proyect\u00e1ndose al mundo\u201d, cerr\u00f3 Buryaile.<\/p>\n<p>Por Marina Friedlander<\/p>\n","protected":false},"excerpt":{"rendered":"<p>El ministro de Agroindustria critic\u00f3 el video que la ex presidenta realiz\u00f3 en un tambo de Lincoln. \u201cTrata de mostrar lo que no hizo, que es dialogar con el sector agropecuario\u201d, dijo Buryaile<\/p>\n","protected":false},"author":5,"featured_media":0,"comment_status":"open","ping_status":"open","sticky":false,"template":"","format":"standard","meta":[],"categories":[14],"tags":[875,1303,2448],"_links":{"self":[{"href":"http:\/\/rurallascolonias.com.ar\/index.php?rest_route=\/wp\/v2\/posts\/14889"}],"collection":[{"href":"http:\/\/rurallascolonias.com.ar\/index.php?rest_route=\/wp\/v2\/posts"}],"about":[{"href":"http:\/\/rurallascolonias.com.ar\/index.php?rest_route=\/wp\/v2\/types\/post"}],"author":[{"embeddable":true,"href":"http:\/\/rurallascolonias.com.ar\/index.php?rest_route=\/wp\/v2\/users\/5"}],"replies":[{"embeddable":true,"href":"http:\/\/rurallascolonias.com.ar\/index.php?rest_route=%2Fwp%2Fv2%2Fcomments&post=14889"}],"version-history":[{"count":1,"href":"http:\/\/rurallascolonias.com.ar\/index.php?rest_route=\/wp\/v2\/posts\/14889\/revisions"}],"predecessor-version":[{"id":14890,"href":"http:\/\/rurallascolonias.com.ar\/index.php?rest_route=\/wp\/v2\/posts\/14889\/revisions\/14890"}],"wp:attachment":[{"href":"http:\/\/rurallascolonias.com.ar\/index.php?rest_route=%2Fwp%2Fv2%2Fmedia&parent=14889"}],"wp:term":[{"taxonomy":"category","embeddable":true,"href":"http:\/\/rurallascolonias.com.ar\/index.php?rest_route=%2Fwp%2Fv2%2Fcategories&post=14889"},{"taxonomy":"post_tag","embeddable":true,"href":"http:\/\/rurallascolonias.com.ar\/index.php?rest_route=%2Fwp%2Fv2%2Ftags&post=14889"}],"curies":[{"name":"wp","href":"https:\/\/api.w.org\/{rel}","templated":true}]}}