{"id":14883,"date":"2017-07-21T13:18:16","date_gmt":"2017-07-21T13:18:16","guid":{"rendered":"http:\/\/rurallascolonias.com.ar\/?p=14883"},"modified":"2017-07-21T13:18:16","modified_gmt":"2017-07-21T13:18:16","slug":"presentaran-mercolactea-2017-en-la-rural-de-palermo","status":"publish","type":"post","link":"http:\/\/rurallascolonias.com.ar\/?p=14883","title":{"rendered":"Presentar\u00e1n Mercol\u00e1ctea 2017 en la Rural de Palermo"},"content":{"rendered":"<p><strong><em><a href=\"http:\/\/rurallascolonias.com.ar\/?attachment_id=14884\" rel=\"attachment wp-att-14884\"><img loading=\"lazy\" class=\"aligncenter size-full wp-image-14884\" src=\"http:\/\/rurallascolonias.com.ar\/wp-content\/uploads\/2017\/07\/mercolactea-300x300.jpg\" alt=\"\" width=\"300\" height=\"300\" srcset=\"http:\/\/rurallascolonias.com.ar\/wp-content\/uploads\/2017\/07\/mercolactea-300x300.jpg 300w, http:\/\/rurallascolonias.com.ar\/wp-content\/uploads\/2017\/07\/mercolactea-300x300-150x150.jpg 150w\" sizes=\"(max-width: 300px) 100vw, 300px\" \/><\/a>Ser\u00e1 el pr\u00f3ximo viernes a las 17 en el stand de la provincia de Santa Fe<\/em><\/strong><!--more--><!--more--><\/p>\n<p>El viernes 28 a las 17 horas se presentar\u00e1 en la exposici\u00f3n de la Sociedad Rural Argentina se presentar\u00e1 Mecol\u00e1ctea 2017. Ser\u00e1 en el stand de la provincia de Santa Fe que su titular, Aldo Ferrari presente el detalle de la muestra que del 21 al 23 de septiembre se desarrollar\u00e1 en la experimental Rafaela del INTA.<\/p>\n<p>Lo acompa\u00f1ar\u00e1n en el evento el presidente del Instituto Nacional de Tecnolog\u00eda Agropecuaria, Amadeo Nicora; y en representaci\u00f3n del gobierno provincial, el secretario de Lecher\u00eda, Pedro Morini.<\/p>\n<p>Adem\u00e1s, Alejandro Sammartino como subsecretario de Lecher\u00eda de la Naci\u00f3n tambi\u00e9n participar\u00e1 de la presentaci\u00f3n.<\/p>\n<p>En el kil\u00f3metro 227 de la Ruta Nacional 34, en la ciudad de Rafaela, se dar\u00e1 por segundo a\u00f1o consecutivo un espacio especial a la capacitaci\u00f3n y encuentro de profesionales, productores, empresarios y prestadores de servicios para el sector.<\/p>\n<p>En esta oportunidad se cumplir\u00e1 la 14\u00ba edici\u00f3n del Concurso de Forrajes Conservados, las 15\u00aa Olimp\u00edadas para Agrot\u00e9cnicas, el 9\u00aa Simposio de Empresarios Lecheros, las 3\u00aa Jornadas de Actualizaci\u00f3n Anal\u00edtica del INTI L\u00e1cteos, la jura ganadera de la raza holando a cargo de ACHA, en la figura de Ignacio Lo\u00f1atz; y tambi\u00e9n de la raza jersey.<\/p>\n<p>Adem\u00e1s los remates a cargo de la Cooperativa Guillermo Lehmann e incluso el Sal\u00f3n Gourmet, forman parte de la planificaci\u00f3n integral de una muestra que cumple 17 a\u00f1os y sigue creciendo.<\/p>\n","protected":false},"excerpt":{"rendered":"<p>Ser\u00e1 el pr\u00f3ximo viernes a las 17 en el stand de la provincia de Santa Fe<\/p>\n","protected":false},"author":5,"featured_media":0,"comment_status":"open","ping_status":"open","sticky":false,"template":"","format":"standard","meta":[],"categories":[14],"tags":[273,930,3852,3],"_links":{"self":[{"href":"http:\/\/rurallascolonias.com.ar\/index.php?rest_route=\/wp\/v2\/posts\/14883"}],"collection":[{"href":"http:\/\/rurallascolonias.com.ar\/index.php?rest_route=\/wp\/v2\/posts"}],"about":[{"href":"http:\/\/rurallascolonias.com.ar\/index.php?rest_route=\/wp\/v2\/types\/post"}],"author":[{"embeddable":true,"href":"http:\/\/rurallascolonias.com.ar\/index.php?rest_route=\/wp\/v2\/users\/5"}],"replies":[{"embeddable":true,"href":"http:\/\/rurallascolonias.com.ar\/index.php?rest_route=%2Fwp%2Fv2%2Fcomments&post=14883"}],"version-history":[{"count":1,"href":"http:\/\/rurallascolonias.com.ar\/index.php?rest_route=\/wp\/v2\/posts\/14883\/revisions"}],"predecessor-version":[{"id":14885,"href":"http:\/\/rurallascolonias.com.ar\/index.php?rest_route=\/wp\/v2\/posts\/14883\/revisions\/14885"}],"wp:attachment":[{"href":"http:\/\/rurallascolonias.com.ar\/index.php?rest_route=%2Fwp%2Fv2%2Fmedia&parent=14883"}],"wp:term":[{"taxonomy":"category","embeddable":true,"href":"http:\/\/rurallascolonias.com.ar\/index.php?rest_route=%2Fwp%2Fv2%2Fcategories&post=14883"},{"taxonomy":"post_tag","embeddable":true,"href":"http:\/\/rurallascolonias.com.ar\/index.php?rest_route=%2Fwp%2Fv2%2Ftags&post=14883"}],"curies":[{"name":"wp","href":"https:\/\/api.w.org\/{rel}","templated":true}]}}