{"id":14840,"date":"2017-07-14T17:36:01","date_gmt":"2017-07-14T17:36:01","guid":{"rendered":"http:\/\/rurallascolonias.com.ar\/?p=14840"},"modified":"2017-07-14T17:39:48","modified_gmt":"2017-07-14T17:39:48","slug":"dandolo-cuestiono-el-manoseo-que-la-politica-hace-con-los-productores","status":"publish","type":"post","link":"http:\/\/rurallascolonias.com.ar\/?p=14840","title":{"rendered":"D\u00e1ndolo cuestion\u00f3 \u201cel manoseo que la pol\u00edtica hace con los productores\u201d"},"content":{"rendered":"<p><a href=\"http:\/\/rurallascolonias.com.ar\/?attachment_id=14845\" rel=\"attachment wp-att-14845\"><img loading=\"lazy\" class=\"alignleft size-full wp-image-14845\" src=\"http:\/\/rurallascolonias.com.ar\/wp-content\/uploads\/2017\/07\/Dandolo.jpg\" alt=\"\" width=\"284\" height=\"178\" \/><\/a><em><strong>El presidente de la Sociedad Rural Las Colonias analiz\u00f3 la realidad del sector ante el anuncio del gobierno provincial de nuevos cr\u00e9ditos para tamberos y critic\u00f3 la pelea con el gobierno nacional<\/strong><\/em><!--more--><\/p>\n<p><b><strong><em>El presidente de la Sociedad Rural Las Colonias, Marcelo D\u00e1ndolo, asegur\u00f3 que \u201cen el pa\u00eds no hay una planificaci\u00f3n del sistema productivo\u201d y el productor santafesino \u201cest\u00e1 preso de una discusi\u00f3n pol\u00edtica entre Naci\u00f3n y provincia\u201d. \u00a0<\/em><\/strong><\/b><\/p>\n<p>En di\u00e1logo con la\u00a0<b><strong>CSC Radio<\/strong><\/b>, D\u00e1ndolo dijo que el anuncio provincial de nuevos cr\u00e9ditos para los tamberos \u201ces una vez m\u00e1s el manoseo que de parte de la pol\u00edtica se hace para con los productores\u201d y record\u00f3 que \u201cel primer cr\u00e9dito que se anunci\u00f3, que eran 200 pesos por vaca por tambo y para el que se destinaban 400 millones, se deb\u00eda abonar entre febrero y marzo y hasta el d\u00eda de hoy hay productores que no lo cobraron\u201d.<\/p>\n<p>Ante el tironeo entre el gobierno provincial y el gobierno central por los fondos, analiz\u00f3 que \u201cel productor queda preso de una discusi\u00f3n pol\u00edtica entre Naci\u00f3n y provincia y hoy hay quienes se est\u00e1n desprendiendo de sus animales porque contaban con esos cr\u00e9ditos pero no los tienen\u201d y critic\u00f3 que \u201cen un a\u00f1o electoral se aprovechan las medidas para sacarse ventajas unos a otros, y esa chicana lo \u00fanico que hace es perjudicar al productor\u201d.<\/p>\n<p>Lament\u00f3 que en medio de la situaci\u00f3n \u201chay tambos que se siguen cerrando y productores que se desprenden de su capital porque no cuentan con el dinero prometido\u201d y por ello reclam\u00f3 que \u201cno trasladen la problem\u00e1tica entre Naci\u00f3n y provincia y que el dinero finalmente llegue; que nos traigan la soluci\u00f3n\u201d.<\/p>\n<p>En este marco, sostuvo que \u201cen el pa\u00eds no hay una planificaci\u00f3n del sistema productivo: cuando se dio el boom del precio de la soja se la sali\u00f3 a quebrar con las retenciones, cuando hubo buen precio de leche en polvo tambi\u00e9n lo quebraron, y as\u00ed con otras trabas; y lograr recuperar todo eso va a llevar mucho tiempo\u201d.<\/p>\n<p>Agreg\u00f3 que \u201clo que pas\u00f3 con la cuesti\u00f3n climatol\u00f3gica demostr\u00f3 los problemas de infraestructura que tiene el campo, con caminos de la d\u00e9cada del 60 y sin planificaci\u00f3n a futuro\u201d.<\/p>\n<p><b><strong>Apertura de las importaciones<\/strong><\/b><\/p>\n<p>Al respecto, D\u00e1ndolo afirm\u00f3 que \u201cno se ven en g\u00f3ndola productos importados y en esto tambi\u00e9n hay estrategias dentro de la cadena que buscan sacar ventaja de la situaci\u00f3n\u201d.<\/p>\n<p>\u201cLa lecher\u00eda est\u00e1 para refundarla de nuevo, desde los productores hasta toda la cadena y por eso se est\u00e1 trabajando en la creaci\u00f3n de una consignataria l\u00e1ctea para -por lo menos- cambiar la situaci\u00f3n comercial del productor\u201d, sentenci\u00f3.<\/p>\n<p>\u201cSi no nos actualizamos, con una mirada tecnol\u00f3gica, superadora, dejando de lado las mezquindades todo va a seguir igual\u201d.<\/p>\n<p>&nbsp;<\/p>\n<p>Fuente Esperanza D\u00eda x D\u00eda<\/p>\n","protected":false},"excerpt":{"rendered":"<p>El presidente de la Sociedad Rural Las Colonias analiz\u00f3 la realidad del sector ante el anuncio del gobierno provincial de nuevos cr\u00e9ditos para tamberos y critic\u00f3 la pelea con el gobierno nacional<\/p>\n","protected":false},"author":5,"featured_media":0,"comment_status":"open","ping_status":"open","sticky":false,"template":"","format":"standard","meta":[],"categories":[14],"tags":[3843,2259,3844,312],"_links":{"self":[{"href":"http:\/\/rurallascolonias.com.ar\/index.php?rest_route=\/wp\/v2\/posts\/14840"}],"collection":[{"href":"http:\/\/rurallascolonias.com.ar\/index.php?rest_route=\/wp\/v2\/posts"}],"about":[{"href":"http:\/\/rurallascolonias.com.ar\/index.php?rest_route=\/wp\/v2\/types\/post"}],"author":[{"embeddable":true,"href":"http:\/\/rurallascolonias.com.ar\/index.php?rest_route=\/wp\/v2\/users\/5"}],"replies":[{"embeddable":true,"href":"http:\/\/rurallascolonias.com.ar\/index.php?rest_route=%2Fwp%2Fv2%2Fcomments&post=14840"}],"version-history":[{"count":4,"href":"http:\/\/rurallascolonias.com.ar\/index.php?rest_route=\/wp\/v2\/posts\/14840\/revisions"}],"predecessor-version":[{"id":14846,"href":"http:\/\/rurallascolonias.com.ar\/index.php?rest_route=\/wp\/v2\/posts\/14840\/revisions\/14846"}],"wp:attachment":[{"href":"http:\/\/rurallascolonias.com.ar\/index.php?rest_route=%2Fwp%2Fv2%2Fmedia&parent=14840"}],"wp:term":[{"taxonomy":"category","embeddable":true,"href":"http:\/\/rurallascolonias.com.ar\/index.php?rest_route=%2Fwp%2Fv2%2Fcategories&post=14840"},{"taxonomy":"post_tag","embeddable":true,"href":"http:\/\/rurallascolonias.com.ar\/index.php?rest_route=%2Fwp%2Fv2%2Ftags&post=14840"}],"curies":[{"name":"wp","href":"https:\/\/api.w.org\/{rel}","templated":true}]}}