{"id":1484,"date":"2014-02-20T16:18:25","date_gmt":"2014-02-20T16:18:25","guid":{"rendered":"http:\/\/rurallascolonias.com.ar\/?p=1484"},"modified":"2014-02-20T16:18:25","modified_gmt":"2014-02-20T16:18:25","slug":"si-quieren-mayor-produccion-de-granos-tienen-que-promoverla-no-castigarla","status":"publish","type":"post","link":"http:\/\/rurallascolonias.com.ar\/?p=1484","title":{"rendered":"\u00abSi quieren mayor producci\u00f3n de granos, tienen que promoverla, no castigarla\u00bb"},"content":{"rendered":"<p><a href=\"http:\/\/rurallascolonias.com.ar\/wp-content\/uploads\/2014\/01\/ETCHEVEHERE-2.jpg\"><img loading=\"lazy\" class=\"alignleft size-full wp-image-926\" alt=\"ETCHEVEHERE 2\" src=\"http:\/\/rurallascolonias.com.ar\/wp-content\/uploads\/2014\/01\/ETCHEVEHERE-2.jpg\" width=\"337\" height=\"149\" srcset=\"http:\/\/rurallascolonias.com.ar\/wp-content\/uploads\/2014\/01\/ETCHEVEHERE-2.jpg 337w, http:\/\/rurallascolonias.com.ar\/wp-content\/uploads\/2014\/01\/ETCHEVEHERE-2-300x132.jpg 300w\" sizes=\"(max-width: 337px) 100vw, 337px\" \/><\/a>El presidente de la Sociedad Rural Argentina (SRA) advirti\u00f3 que \u00abel problema no es controlar las ventas, sino la inflaci\u00f3n\u00bb. \u00abPara el campo, un d\u00f3lar a $ 8 es neutro, porque aumentan todos los insumos\u00bb, indic\u00f3.\u00a0<!--more--><\/p>\n<p>El presidente de la Sociedad Rural Argentina (SRA), Luis Miguel Etchevehere, advirti\u00f3 hoy que \u00absi el Gobierno quiere\u00bb que haya \u00abmayor producci\u00f3n\u00bb de granos, \u00abtiene que promoverla, no castigarla\u00bb, tras la nueva medida que refuerza el control sobre los productores.<\/p>\n<p>Adem\u00e1s, seg\u00fan public\u00f3 El Cronista, remarc\u00f3 que \u00abel problema no es controlar a las ventas, sino la inflaci\u00f3n\u00bb, y sostuvo que la relaci\u00f3n del campo con el Gobierno \u00absigue inexistente\u00bb, porque \u00abhace cinco a\u00f1os que no nos reciben\u00bb.<\/p>\n<p>\u00abLa AFIP tiene perfecto registro de todos los granos que hay en la Argentina, de los movimientos, es imposible mover una carretilla de ma\u00edz, trigo o soja sin que tenga conocimiento la AFIP, y est\u00e1 muy bien\u00bb, sostuvo el ruralista en declaraciones a radio La Red.<\/p>\n<p>\u00abUn d\u00f3lar a 8 pesos es nuetro para el campo porque subieron todos los insumos\u00bb.<\/p>\n<p>Fuente: Infocampo<\/p>\n","protected":false},"excerpt":{"rendered":"<p>El presidente de la Sociedad Rural Argentina (SRA) advirti\u00f3 que \u00abel problema no es controlar las ventas, sino la inflaci\u00f3n\u00bb. \u00abPara el campo, un d\u00f3lar a $ 8 es neutro, porque aumentan todos los insumos\u00bb, indic\u00f3.\u00a0<\/p>\n","protected":false},"author":5,"featured_media":0,"comment_status":"closed","ping_status":"closed","sticky":false,"template":"","format":"standard","meta":[],"categories":[42],"tags":[606,607],"_links":{"self":[{"href":"http:\/\/rurallascolonias.com.ar\/index.php?rest_route=\/wp\/v2\/posts\/1484"}],"collection":[{"href":"http:\/\/rurallascolonias.com.ar\/index.php?rest_route=\/wp\/v2\/posts"}],"about":[{"href":"http:\/\/rurallascolonias.com.ar\/index.php?rest_route=\/wp\/v2\/types\/post"}],"author":[{"embeddable":true,"href":"http:\/\/rurallascolonias.com.ar\/index.php?rest_route=\/wp\/v2\/users\/5"}],"replies":[{"embeddable":true,"href":"http:\/\/rurallascolonias.com.ar\/index.php?rest_route=%2Fwp%2Fv2%2Fcomments&post=1484"}],"version-history":[{"count":1,"href":"http:\/\/rurallascolonias.com.ar\/index.php?rest_route=\/wp\/v2\/posts\/1484\/revisions"}],"predecessor-version":[{"id":1485,"href":"http:\/\/rurallascolonias.com.ar\/index.php?rest_route=\/wp\/v2\/posts\/1484\/revisions\/1485"}],"wp:attachment":[{"href":"http:\/\/rurallascolonias.com.ar\/index.php?rest_route=%2Fwp%2Fv2%2Fmedia&parent=1484"}],"wp:term":[{"taxonomy":"category","embeddable":true,"href":"http:\/\/rurallascolonias.com.ar\/index.php?rest_route=%2Fwp%2Fv2%2Fcategories&post=1484"},{"taxonomy":"post_tag","embeddable":true,"href":"http:\/\/rurallascolonias.com.ar\/index.php?rest_route=%2Fwp%2Fv2%2Ftags&post=1484"}],"curies":[{"name":"wp","href":"https:\/\/api.w.org\/{rel}","templated":true}]}}