{"id":14805,"date":"2017-07-11T16:03:54","date_gmt":"2017-07-11T16:03:54","guid":{"rendered":"http:\/\/rurallascolonias.com.ar\/?p=14805"},"modified":"2017-07-11T16:03:54","modified_gmt":"2017-07-11T16:03:54","slug":"el-gobierno-de-santa-fe-recurre-al-tesoro-provincial-para-reanudar-creditos-a-tamberos","status":"publish","type":"post","link":"http:\/\/rurallascolonias.com.ar\/?p=14805","title":{"rendered":"El gobierno de Santa Fe recurre al tesoro provincial para reanudar cr\u00e9ditos a tamberos"},"content":{"rendered":"<p><em><strong><a href=\"http:\/\/rurallascolonias.com.ar\/?attachment_id=2542\" rel=\"attachment wp-att-2542\"><img loading=\"lazy\" class=\"aligncenter size-full wp-image-2542\" src=\"http:\/\/rurallascolonias.com.ar\/wp-content\/uploads\/2014\/05\/cr\u00e9ditos-sector-tambero.jpg\" alt=\"\" width=\"290\" height=\"174\" \/><\/a>El gobernador Lifschitz firm\u00f3 un decreto que ampl\u00eda en 100 millones de pesos la asignaci\u00f3n para el Fondo de Inversi\u00f3n y Desarrollo, que permite la monetizaci\u00f3n de los cr\u00e9ditos subsidiados a tamberos afectados por la emergencia h\u00eddrica<\/strong><\/em><!--more--><\/p>\n<p>As\u00ed, efectivizar\u00e1n m\u00e1s pagos a productores, a la espera de que la Naci\u00f3n cumpla con su promesa de enviar 250 millones de pesos para hacer frente al compromiso con los tamberos.<\/p>\n<p>El gobierno de la provincia resolvi\u00f3 ampliar la asignaci\u00f3n de recursos destinado al Fondo de Inversi\u00f3n y Desarrollo, desde el cual se efectivizan los cr\u00e9ditos a tasa cero que se vienen otorgando a tamberos de la cuenca lechera santafesina afectados por las \u00faltimas emergencias h\u00eddricas.<\/p>\n<p>Como se sabe, el Estado santafesino se comprometi\u00f3 a crear un fondo de 400 millones de pesos para asistir a unos 1.300 tamberos de la provincia en forma directa, con un cr\u00e9dito de hasta 2 mil pesos por vaca, por un m\u00e1ximo de hasta 400 mil pesos; amortizable en 3 a\u00f1os, con un a\u00f1o de gracia, sin intervenci\u00f3n del sector financiero y a tasa cero. El promedio de dinero entregado a cada tambero es de 300 mil pesos aproximadamente. Esos 400 millones del Fondo de Inversi\u00f3n y Desarrollo se obten\u00edan de un aporte directo de la provincia por 150 millones, y de un pr\u00e9stamo prometido por el ministro de Agroindustria, Ricardo Buryaile, que el Estado nacional har\u00eda a la provincia, por otros 250 millones de pesos.<\/p>\n<p>En abril la provincia comenz\u00f3 a efectivizar -luego de firmar los correspondientes mutuos con los tamberos para garantizar la devoluci\u00f3n del dinero- los cr\u00e9ditos a los primeros tamberos, casi todos del departamento Castellanos, que fueron los m\u00e1s afectados por la emergencia h\u00eddrica. Se entregaron m\u00e1s de 500 cr\u00e9ditos, pero se agotaron los 150 millones aportados por el Tesoro provincial y la plata de la Naci\u00f3n nunca apareci\u00f3.<br \/>\nAhora, el gobernador Miguel Lifschitz ampli\u00f3 en otros 100 millones de pesos el aporte de la provincia, para avanzar en el pago de los cr\u00e9ditos comprometidos a productores que ya presentaron toda la documentaci\u00f3n pero todav\u00eda no recibieron los cr\u00e9ditos por la tardanza de Naci\u00f3n en enviar los recursos comprometidos, que no son un subsidio, sino un cr\u00e9dito a la provincia.<\/p>\n<p>La novedad fue confirmada ayer por el ministro de la Producci\u00f3n Luis Contigiani. \u201cHemos sufrido en menos de dos a\u00f1os dos crisis h\u00eddricas extraordinarias. El sector tambero sufri\u00f3 p\u00e9rdida de animales, de vientres, se descapitaliz\u00f3 en el departamento Castellanos cerraron tambos y se vivi\u00f3 una situaci\u00f3n muy dif\u00edcil. Nosotros hemos intervenido con todas las herramientas que ten\u00edamos. Acu\u00e9rdense que desarrollamos un instrumento como el Fondo de Inversi\u00f3n y Desarrollo, que nos permiti\u00f3 lograr una asistencia extraordinaria a los tamberos. Se trata de una asistencia crediticia con cero tasa de inter\u00e9s, a tres a\u00f1os de amortizaci\u00f3n m\u00e1s uno de gracia, donde monetiza la propia provincia directamente al n\u00famero de CBU de los tamberos\u201d, record\u00f3 el ministro.<\/p>\n<p>Contigiani revel\u00f3 que \u201chemos dado cr\u00e9ditos de este tipo, con una asistencia directa a 566 productores, sobre un total de 1300. Ahora, gobernador acaba de firmar un decreto donde va a fondear con 100 millones de pesos a este Fondo de Inversi\u00f3n y Desarrollo para seguir monetizando al resto de los tamberos que han sido afectadospor la crisis h\u00eddrica. Estamos esperando todav\u00eda la asistencia del gobierno nacional\u201d, insisti\u00f3.<\/p>\n<p>http:\/\/pymeslacteas.com<\/p>\n","protected":false},"excerpt":{"rendered":"<p>El gobernador Lifschitz firm\u00f3 un decreto que ampl\u00eda en 100 millones de pesos la asignaci\u00f3n para el Fondo de Inversi\u00f3n y Desarrollo, que permite la monetizaci\u00f3n de los cr\u00e9ditos subsidiados a tamberos afectados por la emergencia h\u00eddrica<\/p>\n","protected":false},"author":5,"featured_media":0,"comment_status":"open","ping_status":"open","sticky":false,"template":"","format":"standard","meta":[],"categories":[33],"tags":[954,176,3828,3829,3830,119,227,3831],"_links":{"self":[{"href":"http:\/\/rurallascolonias.com.ar\/index.php?rest_route=\/wp\/v2\/posts\/14805"}],"collection":[{"href":"http:\/\/rurallascolonias.com.ar\/index.php?rest_route=\/wp\/v2\/posts"}],"about":[{"href":"http:\/\/rurallascolonias.com.ar\/index.php?rest_route=\/wp\/v2\/types\/post"}],"author":[{"embeddable":true,"href":"http:\/\/rurallascolonias.com.ar\/index.php?rest_route=\/wp\/v2\/users\/5"}],"replies":[{"embeddable":true,"href":"http:\/\/rurallascolonias.com.ar\/index.php?rest_route=%2Fwp%2Fv2%2Fcomments&post=14805"}],"version-history":[{"count":1,"href":"http:\/\/rurallascolonias.com.ar\/index.php?rest_route=\/wp\/v2\/posts\/14805\/revisions"}],"predecessor-version":[{"id":14806,"href":"http:\/\/rurallascolonias.com.ar\/index.php?rest_route=\/wp\/v2\/posts\/14805\/revisions\/14806"}],"wp:attachment":[{"href":"http:\/\/rurallascolonias.com.ar\/index.php?rest_route=%2Fwp%2Fv2%2Fmedia&parent=14805"}],"wp:term":[{"taxonomy":"category","embeddable":true,"href":"http:\/\/rurallascolonias.com.ar\/index.php?rest_route=%2Fwp%2Fv2%2Fcategories&post=14805"},{"taxonomy":"post_tag","embeddable":true,"href":"http:\/\/rurallascolonias.com.ar\/index.php?rest_route=%2Fwp%2Fv2%2Ftags&post=14805"}],"curies":[{"name":"wp","href":"https:\/\/api.w.org\/{rel}","templated":true}]}}