{"id":14793,"date":"2017-07-10T10:07:45","date_gmt":"2017-07-10T10:07:45","guid":{"rendered":"http:\/\/rurallascolonias.com.ar\/?p=14793"},"modified":"2017-07-10T17:10:34","modified_gmt":"2017-07-10T17:10:34","slug":"confirman-la-realizacion-de-un-censo-agropecuario-en-2018","status":"publish","type":"post","link":"http:\/\/rurallascolonias.com.ar\/?p=14793","title":{"rendered":"Confirman la realizaci\u00f3n de un censo agropecuario en 2018"},"content":{"rendered":"<p><em><strong><a href=\"http:\/\/rurallascolonias.com.ar\/?attachment_id=14794\" rel=\"attachment wp-att-14794\"><img loading=\"lazy\" class=\"aligncenter size-full wp-image-14794\" src=\"http:\/\/rurallascolonias.com.ar\/wp-content\/uploads\/2017\/07\/tranquera.jpg\" alt=\"\" width=\"400\" height=\"290\" srcset=\"http:\/\/rurallascolonias.com.ar\/wp-content\/uploads\/2017\/07\/tranquera.jpg 400w, http:\/\/rurallascolonias.com.ar\/wp-content\/uploads\/2017\/07\/tranquera-300x218.jpg 300w\" sizes=\"(max-width: 400px) 100vw, 400px\" \/><\/a>Lo anunci\u00f3 el ministro de Agroindustria de la Naci\u00f3n durante un encuentro que mantuvo con m\u00e1s de un centenar de productores rurales nucleados en la CAME. Manifest\u00f3 tambi\u00e9n que tras las elecciones de octubre se discutir\u00e1n los costos laborales del campo<\/strong><\/em><!--more--><\/p>\n<p>Ricardo Buryaile anunci\u00f3 que en el 2018 se realizar\u00e1 un Censo Nacional Agropecuario y sostuvo que despu\u00e9s de las elecciones de medio t\u00e9rmino que se llevar\u00e1n a cabo en octubre se comenzar\u00e1n a discutir los aspectos impositivos que repercuten sobre los \u00abcostos laborales\u00bb.<\/p>\n<p>Buryaile realiz\u00f3 estas precisiones durante un encuentro que mantuvo con m\u00e1s de un centenar de productores rurales nucleados en la Confederaci\u00f3n Argentina de la Mediana Empresa (CAME).<\/p>\n<p>\u00abEl a\u00f1o que viene se va a hacer el censo agropecuario. Ya estamos trabajando con el Instituto Nacional de Estad\u00edsticas y Censos (Indec). Las estad\u00edsticas hacen falta y hoy no tenemos estad\u00edsticas confiables\u00bb, indic\u00f3 Buryaile.<\/p>\n<p>Por otro lado, Buryaile sostuvo: \u00abDespu\u00e9s de estas elecciones nos sentaremos a hablar entre el oficialismo y la oposici\u00f3n de qu\u00e9 es lo que queremos para adelante y dentro de esa reforma hace falta hablar de los costos laborales, que no tiene nada que ver con los costos salariales, sino de la presi\u00f3n impositiva que grava el trabajo y ac\u00e1 tenemos que distinguir entre lo que son econom\u00edas regionales y lo que es econom\u00eda central\u00bb<\/p>\n<p>Fuente: Todo Agro<\/p>\n","protected":false},"excerpt":{"rendered":"<p>Lo anunci\u00f3 el ministro de Agroindustria de la Naci\u00f3n durante un encuentro que mantuvo con m\u00e1s de un centenar de productores rurales nucleados en la CAME. Manifest\u00f3 tambi\u00e9n que tras las elecciones de octubre se discutir\u00e1n los costos laborales del campo<\/p>\n","protected":false},"author":5,"featured_media":0,"comment_status":"open","ping_status":"open","sticky":false,"template":"","format":"standard","meta":[],"categories":[14],"tags":[1316],"_links":{"self":[{"href":"http:\/\/rurallascolonias.com.ar\/index.php?rest_route=\/wp\/v2\/posts\/14793"}],"collection":[{"href":"http:\/\/rurallascolonias.com.ar\/index.php?rest_route=\/wp\/v2\/posts"}],"about":[{"href":"http:\/\/rurallascolonias.com.ar\/index.php?rest_route=\/wp\/v2\/types\/post"}],"author":[{"embeddable":true,"href":"http:\/\/rurallascolonias.com.ar\/index.php?rest_route=\/wp\/v2\/users\/5"}],"replies":[{"embeddable":true,"href":"http:\/\/rurallascolonias.com.ar\/index.php?rest_route=%2Fwp%2Fv2%2Fcomments&post=14793"}],"version-history":[{"count":1,"href":"http:\/\/rurallascolonias.com.ar\/index.php?rest_route=\/wp\/v2\/posts\/14793\/revisions"}],"predecessor-version":[{"id":14795,"href":"http:\/\/rurallascolonias.com.ar\/index.php?rest_route=\/wp\/v2\/posts\/14793\/revisions\/14795"}],"wp:attachment":[{"href":"http:\/\/rurallascolonias.com.ar\/index.php?rest_route=%2Fwp%2Fv2%2Fmedia&parent=14793"}],"wp:term":[{"taxonomy":"category","embeddable":true,"href":"http:\/\/rurallascolonias.com.ar\/index.php?rest_route=%2Fwp%2Fv2%2Fcategories&post=14793"},{"taxonomy":"post_tag","embeddable":true,"href":"http:\/\/rurallascolonias.com.ar\/index.php?rest_route=%2Fwp%2Fv2%2Ftags&post=14793"}],"curies":[{"name":"wp","href":"https:\/\/api.w.org\/{rel}","templated":true}]}}