{"id":14716,"date":"2017-06-29T16:02:30","date_gmt":"2017-06-29T16:02:30","guid":{"rendered":"http:\/\/rurallascolonias.com.ar\/?p=14716"},"modified":"2017-06-29T16:02:30","modified_gmt":"2017-06-29T16:02:30","slug":"designan-a-francisco-lugano-como-el-nuevo-presidente-del-movimiento-crea","status":"publish","type":"post","link":"http:\/\/rurallascolonias.com.ar\/?p=14716","title":{"rendered":"Designan a Francisco Lugano como el nuevo Presidente del Movimiento CREA"},"content":{"rendered":"<p><em><strong><a href=\"http:\/\/rurallascolonias.com.ar\/?attachment_id=14717\" rel=\"attachment wp-att-14717\"><img loading=\"lazy\" class=\"alignleft size-full wp-image-14717\" src=\"http:\/\/rurallascolonias.com.ar\/wp-content\/uploads\/2017\/06\/Francisco-Lugano-como-el-nuevo-Presidente-del-Movimiento-CREA-300x300.jpg\" alt=\"\" width=\"300\" height=\"300\" srcset=\"http:\/\/rurallascolonias.com.ar\/wp-content\/uploads\/2017\/06\/Francisco-Lugano-como-el-nuevo-Presidente-del-Movimiento-CREA-300x300.jpg 300w, http:\/\/rurallascolonias.com.ar\/wp-content\/uploads\/2017\/06\/Francisco-Lugano-como-el-nuevo-Presidente-del-Movimiento-CREA-300x300-150x150.jpg 150w\" sizes=\"(max-width: 300px) 100vw, 300px\" \/><\/a>El ingeniero en producci\u00f3n agropecuaria encabezar\u00e1 la asociaci\u00f3n hasta julio de 2019, en reemplazo de Francisco Iguerabide<\/strong><\/em><!--more--><\/p>\n<p>Ante una concurrida asamblea realizada en la sede de CREA, celebrada en el d\u00eda de la fecha, fue elegido el nuevo titular de la entidad, Francisco Lugano, de 42 a\u00f1os.<\/p>\n<p>El flamante presidente es ingeniero en producci\u00f3n agropecuaria de la Universidad Cat\u00f3lica Argentina (UCA). A muy temprana edad comenz\u00f3 a participar de las reuniones del CREA Nueve de Julio; grupo al que pertenece su empresa familiar. A\u00f1os m\u00e1s tarde, fue presidente del CREA Quimil\u00ed, Presidente del Congreso Tecnol\u00f3gico 2014, Director de la Unidad de Investigaci\u00f3n y Desarrollo de CREA y, por \u00faltimo, vicepresidente de la Comisi\u00f3n Directiva del Movimiento CREA durante el per\u00edodo 2015-2017.<\/p>\n<p>Lugano se destaca por ser un empresario innovador dedicado al desarrollo de nuevas ideas tecnol\u00f3gicas en entornos muy diversos relacionados con la actividad lechera, la agricultura y la ganader\u00eda, en las provincias de Buenos Aires, Santiago del Estero, C\u00f3rdoba y La Pampa. Asimismo, dentro de un marco de globalizaci\u00f3n de actividades agropecuarias, extendi\u00f3 su accionar en pa\u00edses como Uruguay, Colombia y Estados Unidos.<\/p>\n<p>En su mandato, Lugano ser\u00e1 secundado por Fernando Zubillaga que es miembro de los CREA Infosura y Guanaco Las Toscas (Regi\u00f3n Oeste), CREA Aguerre (Uruguay) y fue presidente del \u00faltimo Congreso Nacional CREA 2016.<\/p>\n<p>Testimonios<br \/>\nFrancisco Iguerabide, presidente saliente, agradeci\u00f3 la confianza de todos los que colaboraron durante su gesti\u00f3n. \u201cCada uno de nosotros no viene a destacarse ni a competir, todo lo contrario, venimos a recibir la posta de la construcci\u00f3n de una pared y a poner nuestro ladrillo sobre otros que colocaron nuestros antecesores\u201d, se\u00f1al\u00f3 y agreg\u00f3: \u201cEspero haber hecho lo mejor posible y no dudo que la pared ser\u00e1 cada vez m\u00e1s grande, m\u00e1s fuerte y los constructores cada vez m\u00e1s id\u00f3neos\u201d.<\/p>\n<p>A su turno, Lugano destac\u00f3 el esp\u00edritu CREA desarrollado en gestiones anteriores. \u201cSomos una instituci\u00f3n en donde la mentalidad nos define. Dicha filosof\u00eda nos invita a ser empresarios eficientes y nos demanda una responsabilidad a\u00fan mayor: la de buscar el desarrollo personal de quienes trabajan con nosotros, as\u00ed como tambi\u00e9n el crecimiento de nuestras comunidades\u201d, dijo.<\/p>\n<p>\u201cNuestra cosmovisi\u00f3n naci\u00f3 a partir de nuestro rasgo innovador. Por eso, la metodolog\u00eda CREA es in\u00e9dita, por su esp\u00edritu y porque trasciende el beneficio personal y econ\u00f3mico dando sentido a nuestro esfuerzo y ennobleciendo nuestra vida\u201d, finaliz\u00f3.<\/p>\n","protected":false},"excerpt":{"rendered":"<p>El ingeniero en producci\u00f3n agropecuaria encabezar\u00e1 la asociaci\u00f3n hasta julio de 2019, en reemplazo de Francisco Iguerabide<\/p>\n","protected":false},"author":5,"featured_media":0,"comment_status":"open","ping_status":"open","sticky":false,"template":"","format":"standard","meta":[],"categories":[14],"tags":[143,3810,3811,3248,3612],"_links":{"self":[{"href":"http:\/\/rurallascolonias.com.ar\/index.php?rest_route=\/wp\/v2\/posts\/14716"}],"collection":[{"href":"http:\/\/rurallascolonias.com.ar\/index.php?rest_route=\/wp\/v2\/posts"}],"about":[{"href":"http:\/\/rurallascolonias.com.ar\/index.php?rest_route=\/wp\/v2\/types\/post"}],"author":[{"embeddable":true,"href":"http:\/\/rurallascolonias.com.ar\/index.php?rest_route=\/wp\/v2\/users\/5"}],"replies":[{"embeddable":true,"href":"http:\/\/rurallascolonias.com.ar\/index.php?rest_route=%2Fwp%2Fv2%2Fcomments&post=14716"}],"version-history":[{"count":1,"href":"http:\/\/rurallascolonias.com.ar\/index.php?rest_route=\/wp\/v2\/posts\/14716\/revisions"}],"predecessor-version":[{"id":14718,"href":"http:\/\/rurallascolonias.com.ar\/index.php?rest_route=\/wp\/v2\/posts\/14716\/revisions\/14718"}],"wp:attachment":[{"href":"http:\/\/rurallascolonias.com.ar\/index.php?rest_route=%2Fwp%2Fv2%2Fmedia&parent=14716"}],"wp:term":[{"taxonomy":"category","embeddable":true,"href":"http:\/\/rurallascolonias.com.ar\/index.php?rest_route=%2Fwp%2Fv2%2Fcategories&post=14716"},{"taxonomy":"post_tag","embeddable":true,"href":"http:\/\/rurallascolonias.com.ar\/index.php?rest_route=%2Fwp%2Fv2%2Ftags&post=14716"}],"curies":[{"name":"wp","href":"https:\/\/api.w.org\/{rel}","templated":true}]}}