{"id":14710,"date":"2017-06-28T16:44:42","date_gmt":"2017-06-28T16:44:42","guid":{"rendered":"http:\/\/rurallascolonias.com.ar\/?p=14710"},"modified":"2017-06-28T16:44:42","modified_gmt":"2017-06-28T16:44:42","slug":"palpitando-el-congreso-regional-de-cra-2","status":"publish","type":"post","link":"http:\/\/rurallascolonias.com.ar\/?p=14710","title":{"rendered":"Palpitando el Congreso Regional de CRA"},"content":{"rendered":"<p><em><strong><a href=\"http:\/\/rurallascolonias.com.ar\/?attachment_id=14603\" rel=\"attachment wp-att-14603\"><img loading=\"lazy\" class=\"aligncenter size-full wp-image-14603\" src=\"http:\/\/rurallascolonias.com.ar\/wp-content\/uploads\/2017\/06\/congreso-CRA-1.jpg\" alt=\"\" width=\"615\" height=\"348\" srcset=\"http:\/\/rurallascolonias.com.ar\/wp-content\/uploads\/2017\/06\/congreso-CRA-1.jpg 615w, http:\/\/rurallascolonias.com.ar\/wp-content\/uploads\/2017\/06\/congreso-CRA-1-300x170.jpg 300w, http:\/\/rurallascolonias.com.ar\/wp-content\/uploads\/2017\/06\/congreso-CRA-1-600x340.jpg 600w\" sizes=\"(max-width: 615px) 100vw, 615px\" \/><\/a>Este 29 y 30 de junio en la ciudad de Santa Fe con el foco puesto en la producci\u00f3n racional y sustentable<\/strong><\/em><!--more--><\/p>\n<p>Para fines de<span class=\"text_exposed_show\"> junio, Confederaciones Rurales Argentinas (CRA), junto a la Confederaci\u00f3n de Asociaciones Rurales de Santa Fe (CARSFE) organiza el Congreso Regional de CRA en esta provincia. El mismo contendr\u00e1 tem\u00e1ticas que afectan el territorio de las Confederaciones CARBAP, CARTEZ, FARER Y CARSFE.<\/span><\/p>\n<div class=\"text_exposed_show\">\n<p>El Congreso pretende instalar el debate y echar luz sobre los principales problemas que afectan al campo. En esta oportunidad el lema ser\u00e1 \u00abProducci\u00f3n racional, sustentable y no contaminante\u00bb.<\/p>\n<p>La din\u00e1mica se dividir\u00e1 en tres m\u00f3dulos centrales. El primero de ellos ser\u00e1 un m\u00f3dulo de medioambiente y producci\u00f3n que explorar\u00e1 el impacto antr\u00f3pico sobre el medioambiente y las alternativas de producir alimentos de manera racional, sustentable y no contaminante. All\u00ed se ver\u00e1n tem\u00e1ticas como degradaci\u00f3n y usos del suelo, uso productivo del bosque, problem\u00e1tica h\u00eddrica, aplicaciones fitosanitarias y cambio clim\u00e1tico.<\/p>\n<p>Son conocidas las voces ambientalistas que cuestionan la producci\u00f3n de alimentos en las condiciones actuales. Para la entidad \u00abes un deber analizar y fijar posiciones que fortalezcan el lema del congreso y muestren las expresiones ideol\u00f3gicas inconsistentes que tienen objetivos contrarios al desarrollo argentino\u00bb, explic\u00f3 el presidente de CARSFE, Gustavo Vionnet.<\/p>\n<p>El segundo m\u00f3dulo ser\u00e1 institucional-gremial. Analizar\u00e1 la falta de compromiso institucional de los productores, rest\u00e1ndole fortaleza a las instituciones que defienden sus intereses. En este punto, dirigentes de CARSFE realizar\u00e1n una propuesta que pretende revertir esta situaci\u00f3n y orientar el futuro institucional hacia un proceso de unidad gremial, analizando un proyecto de ley de financiamiento gremial obligatorio de los productores agropecuarios.<\/p>\n<p>Finalmente, el Congreso incursionar\u00e1 en un tercer m\u00f3dulo de agregado de valor en el campo sobre sus productos granarios convirti\u00e9ndolos en prote\u00ednas de alto valor biol\u00f3gico animal. \u00abObservaremos propuestas de empresas que se integran productivamente con mejoras sustanciales de producci\u00f3n, facturaci\u00f3n y creciente contrataci\u00f3n de mano de obra\u00bb, indic\u00f3 Vionnet.<\/p>\n<p>Siguiendo este punto, se buscar\u00e1 cambiar el paradigma de vender todo el grano que produce la agricultura a empresas que convierten alimentos baratos en alimentos de m\u00e1s valor dentro de la empresa agropecuaria, adaptando escala y organizaci\u00f3n empresarial. \u00abLas necesidades de asociativismo para dar salida al minifundio ser\u00e1n contempladas desde lo jur\u00eddico y organizacional\u00bb, expres\u00f3 el titular de CARSFE.<\/p>\n<p>Con este Congreso, CRA pretende estar a la vanguardia en el an\u00e1lisis y la soluci\u00f3n de los problemas que afectan a la producci\u00f3n del campo, y en el evento quedar\u00e1n plasmados esos valores abriendo debates que no soslayen la responsabilidad de sus dirigentes.<\/p>\n<\/div>\n","protected":false},"excerpt":{"rendered":"<p>Este 29 y 30 de junio en la ciudad de Santa Fe con el foco puesto en la producci\u00f3n racional y sustentable<\/p>\n","protected":false},"author":5,"featured_media":0,"comment_status":"open","ping_status":"open","sticky":false,"template":"","format":"standard","meta":[],"categories":[29],"tags":[443],"_links":{"self":[{"href":"http:\/\/rurallascolonias.com.ar\/index.php?rest_route=\/wp\/v2\/posts\/14710"}],"collection":[{"href":"http:\/\/rurallascolonias.com.ar\/index.php?rest_route=\/wp\/v2\/posts"}],"about":[{"href":"http:\/\/rurallascolonias.com.ar\/index.php?rest_route=\/wp\/v2\/types\/post"}],"author":[{"embeddable":true,"href":"http:\/\/rurallascolonias.com.ar\/index.php?rest_route=\/wp\/v2\/users\/5"}],"replies":[{"embeddable":true,"href":"http:\/\/rurallascolonias.com.ar\/index.php?rest_route=%2Fwp%2Fv2%2Fcomments&post=14710"}],"version-history":[{"count":1,"href":"http:\/\/rurallascolonias.com.ar\/index.php?rest_route=\/wp\/v2\/posts\/14710\/revisions"}],"predecessor-version":[{"id":14711,"href":"http:\/\/rurallascolonias.com.ar\/index.php?rest_route=\/wp\/v2\/posts\/14710\/revisions\/14711"}],"wp:attachment":[{"href":"http:\/\/rurallascolonias.com.ar\/index.php?rest_route=%2Fwp%2Fv2%2Fmedia&parent=14710"}],"wp:term":[{"taxonomy":"category","embeddable":true,"href":"http:\/\/rurallascolonias.com.ar\/index.php?rest_route=%2Fwp%2Fv2%2Fcategories&post=14710"},{"taxonomy":"post_tag","embeddable":true,"href":"http:\/\/rurallascolonias.com.ar\/index.php?rest_route=%2Fwp%2Fv2%2Ftags&post=14710"}],"curies":[{"name":"wp","href":"https:\/\/api.w.org\/{rel}","templated":true}]}}