{"id":14664,"date":"2017-06-23T15:20:36","date_gmt":"2017-06-23T15:20:36","guid":{"rendered":"http:\/\/rurallascolonias.com.ar\/?p=14664"},"modified":"2017-06-23T15:20:49","modified_gmt":"2017-06-23T15:20:49","slug":"agroindustria-seguira-siendo-ministerio-dijo-el-jefe-de-gabinete","status":"publish","type":"post","link":"http:\/\/rurallascolonias.com.ar\/?p=14664","title":{"rendered":"Agroindustria seguir\u00e1 siendo ministerio, dijo el jefe de Gabinete"},"content":{"rendered":"<p><em><strong> <a href=\"http:\/\/rurallascolonias.com.ar\/?attachment_id=14666\" rel=\"attachment wp-att-14666\"><img loading=\"lazy\" class=\"aligncenter size-full wp-image-14666\" src=\"http:\/\/rurallascolonias.com.ar\/wp-content\/uploads\/2017\/06\/Agroindustria1-300x300.jpg\" alt=\"\" width=\"300\" height=\"300\" srcset=\"http:\/\/rurallascolonias.com.ar\/wp-content\/uploads\/2017\/06\/Agroindustria1-300x300.jpg 300w, http:\/\/rurallascolonias.com.ar\/wp-content\/uploads\/2017\/06\/Agroindustria1-300x300-150x150.jpg 150w\" sizes=\"(max-width: 300px) 100vw, 300px\" \/><\/a>Marcos Pe\u00f1a neg\u00f3 los rumores que dec\u00edan que la cartera iba a pasar a Secretar\u00eda e iba a depender de Producci\u00f3n; destacan el potencial exportador de alimentos<\/strong><\/em><!--more--><!--more--><\/p>\n<p>\u201cS\u00ed, por supuesto\u201d. Seguro, sin dudar, el jefe de Gabinete, Marcos Pe\u00f1a, respondi\u00f3 ayer a la pregunta de este cronista sobre si el Ministerio de Agroindustria mantendr\u00eda su categor\u00eda despu\u00e9s de las elecciones de octubre pr\u00f3ximo.<\/p>\n<p>Tras abrir el seminario \u201cArgentina Visi\u00f3n 2020\/40\u201d, organizado por la Universidad Austral y la firma ADblick Agro en el Ministerio de Ciencia, Pe\u00f1a desterr\u00f3 los rumores que preocuparon en las \u00faltimas semanas a productores y empresarios agropecuarios sobre la posible transformaci\u00f3n de Agroindustria en Secretar\u00eda, como parte de un plan de reducci\u00f3n de gastos del Estado.<\/p>\n<p>La cuesti\u00f3n inquietaba a los ruralistas porque tem\u00edan que el campo volviera a quedar en segundo plano, como tantas otras veces en la historia argentina. Aunque coinciden en la necesidad de bajar el d\u00e9ficit fiscal, creen que un ministro tiene acceso directo al Presidente o al jefe de Gabinete, mientras que un secretario de Estado tiene que hacer un paso m\u00e1s en la c\u00fapula de cualquier gobierno. Les pesaba tambi\u00e9n la memoria hist\u00f3rica: en 2001, durante los \u00faltimos meses del gobierno de la Alianza, Agricultura lleg\u00f3 a ser apenas una Subsecretar\u00eda.<\/p>\n<p>En su presentaci\u00f3n frente a casi 500 empresarios y productores agropecuarios, Pe\u00f1a record\u00f3 que en el comienzo de la gesti\u00f3n de Mauricio Macri \u201chubo una apuesta muy grande al sector agropecuario, que fue el primero en responder, en invertir y en ser el motor de desarrollo del crecimiento argentino\u201d. Ya en tono de clima electoral, el jefe de Gabinete pidi\u00f3: \u201cTenemos que definir si somos la generaci\u00f3n que va a cambiar la Argentina para siempre o si este ser\u00e1 un cap\u00edtulo m\u00e1s de frustraci\u00f3n en nuestro pa\u00eds\u201d.<\/p>\n<p>Como la consigna del encuentro era el mediano y largo plazo, Pe\u00f1a dijo que \u201cla Argentina ha demostrado que viviendo s\u00f3lo de lo nuestro no puede generar bienestar; tenemos que integrarnos con mucho orgullo y mucha autoestima a un mundo que nos recibe con las puertas abiertas\u201d.<\/p>\n<p>El auditorio sintonizaba con esa declaraci\u00f3n: m\u00e1s del 60% de las divisas que ingresan al pais por exportaci\u00f3n de bienes se generan por las actividades agroindustriales.<\/p>\n<p>En el siguiente panel, el ministro de Agroindustria, Ricardo Buryaile, dijo que el mayor desaf\u00edo que tiene la actividad es aumentar las exportaciones agropecuarias que contienen mayor valor agregado. Dio n\u00fameros: explic\u00f3 que apenas el 2,37% de las exportaciones argentinas a China e India son alimentos con un grado de elaboraci\u00f3n m\u00e1s avanzado que las commodities. El horizonte de mediano plazo es atractivo. El ministro de Agroindustria dijo que de los 4900 millones de personas que, se calcula, compondr\u00e1n la clase media en 2030, el 60% estar\u00e1 en el sudeste asi\u00e1tico.<\/p>\n<p>Acompa\u00f1ado por su ex colega de gabinete Alfonso Prat-Gay, el ministro de Agroindustria dijo que el otro objetivo de aumentar las exportaciones de alimentos con valor agregado es que \u00e9stos representan el 50% de la mano de obra ocupada en el sector. Pero Buryaile y el ex ministro de Hacienda coincidieron en que la Argentina deb\u00eda solucionar el problema de la pobreza. \u201cEl \u00edndice del 30% nos obliga a superarnos\u201d, dijo.<\/p>\n<p>Con esa visi\u00f3n coincidi\u00f3 el presidente de la Sociedad Rural Argentina (SRA), Luis Miguel Etchevehere, que destac\u00f3 que el aumento en la calidad y la cantidad de alimentos permitir\u00e1 un circulo virtuoso con la generaci\u00f3n de inversi\u00f3n y empleo en la actividad agropecuaria. \u201cPedimos reglas equivalentes a las que tienen nuestros competidores\u201d, dijo el ruralista, quien elogi\u00f3 las medidas tomadas por el gobierno de Macri.<\/p>\n<p>http:\/\/www.lanacion.com.ar<\/p>\n","protected":false},"excerpt":{"rendered":"<p>Marcos Pe\u00f1a neg\u00f3 los rumores que dec\u00edan que la cartera iba a pasar a Secretar\u00eda e iba a depender de Producci\u00f3n; destacan el potencial exportador de alimentos<\/p>\n","protected":false},"author":5,"featured_media":0,"comment_status":"open","ping_status":"open","sticky":false,"template":"","format":"standard","meta":[],"categories":[14],"tags":[2115,3804,3805,3784],"_links":{"self":[{"href":"http:\/\/rurallascolonias.com.ar\/index.php?rest_route=\/wp\/v2\/posts\/14664"}],"collection":[{"href":"http:\/\/rurallascolonias.com.ar\/index.php?rest_route=\/wp\/v2\/posts"}],"about":[{"href":"http:\/\/rurallascolonias.com.ar\/index.php?rest_route=\/wp\/v2\/types\/post"}],"author":[{"embeddable":true,"href":"http:\/\/rurallascolonias.com.ar\/index.php?rest_route=\/wp\/v2\/users\/5"}],"replies":[{"embeddable":true,"href":"http:\/\/rurallascolonias.com.ar\/index.php?rest_route=%2Fwp%2Fv2%2Fcomments&post=14664"}],"version-history":[{"count":2,"href":"http:\/\/rurallascolonias.com.ar\/index.php?rest_route=\/wp\/v2\/posts\/14664\/revisions"}],"predecessor-version":[{"id":14668,"href":"http:\/\/rurallascolonias.com.ar\/index.php?rest_route=\/wp\/v2\/posts\/14664\/revisions\/14668"}],"wp:attachment":[{"href":"http:\/\/rurallascolonias.com.ar\/index.php?rest_route=%2Fwp%2Fv2%2Fmedia&parent=14664"}],"wp:term":[{"taxonomy":"category","embeddable":true,"href":"http:\/\/rurallascolonias.com.ar\/index.php?rest_route=%2Fwp%2Fv2%2Fcategories&post=14664"},{"taxonomy":"post_tag","embeddable":true,"href":"http:\/\/rurallascolonias.com.ar\/index.php?rest_route=%2Fwp%2Fv2%2Ftags&post=14664"}],"curies":[{"name":"wp","href":"https:\/\/api.w.org\/{rel}","templated":true}]}}