{"id":14607,"date":"2017-06-15T16:53:03","date_gmt":"2017-06-15T16:53:03","guid":{"rendered":"http:\/\/rurallascolonias.com.ar\/?p=14607"},"modified":"2017-06-15T16:53:03","modified_gmt":"2017-06-15T16:53:03","slug":"maximiliano-pullaro-en-la-sociedad-rural-de-las-colonias","status":"publish","type":"post","link":"http:\/\/rurallascolonias.com.ar\/?p=14607","title":{"rendered":"MAXIMILIANO PULLARO EN LA SOCIEDAD RURAL DE LAS COLONIAS"},"content":{"rendered":"<p><a href=\"http:\/\/rurallascolonias.com.ar\/?attachment_id=14612\" rel=\"attachment wp-att-14612\"><img loading=\"lazy\" class=\"aligncenter wp-image-14612 size-medium\" src=\"http:\/\/rurallascolonias.com.ar\/wp-content\/uploads\/2017\/06\/SAM_0330-300x225.jpg\" alt=\"\" width=\"300\" height=\"225\" srcset=\"http:\/\/rurallascolonias.com.ar\/wp-content\/uploads\/2017\/06\/SAM_0330-300x225.jpg 300w, http:\/\/rurallascolonias.com.ar\/wp-content\/uploads\/2017\/06\/SAM_0330-768x576.jpg 768w, http:\/\/rurallascolonias.com.ar\/wp-content\/uploads\/2017\/06\/SAM_0330-1024x768.jpg 1024w, http:\/\/rurallascolonias.com.ar\/wp-content\/uploads\/2017\/06\/SAM_0330-600x450.jpg 600w, http:\/\/rurallascolonias.com.ar\/wp-content\/uploads\/2017\/06\/SAM_0330-624x468.jpg 624w\" sizes=\"(max-width: 300px) 100vw, 300px\" \/><\/a><\/p>\n<p><strong><em>En el encuentro, el Ministro de Seguridad de la Provincia remarc\u00f3 \u201cla necesidad de trabajar juntos para devolver la confianza\u00bb<\/em><\/strong><!--more--><\/p>\n<p>En dicha reuni\u00f3n estuvieron presentes, el Vice Gobernador de Santa Fe, Carlos Fascendini; el Presidente de la entidad Rural, Marcelo D\u00e1ndolo; el Presidente de la Fundaci\u00f3n Las Colonias, Danilo Steffens; el Secretario de la Comisi\u00f3n Directiva, Mauricio Minetti y miembros de la Asociaci\u00f3n Cooperadora policial de Esperanza.<\/p>\n<p><a href=\"http:\/\/rurallascolonias.com.ar\/?attachment_id=14613\" rel=\"attachment wp-att-14613\"><img loading=\"lazy\" class=\"wp-image-14613 size-medium\" src=\"http:\/\/rurallascolonias.com.ar\/wp-content\/uploads\/2017\/06\/SAM_0328-300x225.jpg\" alt=\"\" width=\"300\" height=\"225\" srcset=\"http:\/\/rurallascolonias.com.ar\/wp-content\/uploads\/2017\/06\/SAM_0328-300x225.jpg 300w, http:\/\/rurallascolonias.com.ar\/wp-content\/uploads\/2017\/06\/SAM_0328-768x576.jpg 768w, http:\/\/rurallascolonias.com.ar\/wp-content\/uploads\/2017\/06\/SAM_0328-1024x768.jpg 1024w, http:\/\/rurallascolonias.com.ar\/wp-content\/uploads\/2017\/06\/SAM_0328-600x450.jpg 600w, http:\/\/rurallascolonias.com.ar\/wp-content\/uploads\/2017\/06\/SAM_0328-624x468.jpg 624w\" sizes=\"(max-width: 300px) 100vw, 300px\" \/><\/a><\/p>\n<p>El ministro de Seguridad, Maximiliano Pullaro, asisti\u00f3 anoche a una reuni\u00f3n con autoridades de la sociedad rural y de la Cooperadora Policial con el objetivo de analizar la problem\u00e1tica de la ruralidad que giran b\u00e1sicamente en la necesidad de incorporar m\u00e1s personal a las fuerzas de \u00a0seguridad en el Departamento Las Colonias.<\/p>\n<p>Durante el mismo, Pullaro manifest\u00f3 que \u201cno puedo asegurar la cantidad de gente que me piden, que son alrededor de 20, \u00a0pero en un mediano o largo plazo, incorporaremos m\u00e1s personal\u00bb.<\/p>\n<p class=\"selectionShareable\">En el transcurso de la reuni\u00f3n, los miembros de la Cooperadora enumeraron una serie de puntos que hacen referencia \u00a0a la problem\u00e1tica del Departamento, que b\u00e1sicamente gir\u00f3 en torno al escaso personal y a los delitos que se cometen en zona rural.<\/p>\n<p class=\"selectionShareable\">En ese sentido, el titular de la cartera de Seguridad sostuvo \u201cnosotros construimos datos permanentemente y entendemos que cambiando los niveles operativos el delito tiene que bajar\u00bb.<\/p>\n<p class=\"selectionShareable\">Fue un encuentro positivo, ya que se plantearon las inquietudes adem\u00e1s de que ambas partes, tanto del Gobierno de la provincia como de las entidades convocantes est\u00e1n dispuestos a trabajar para encontrar una r\u00e1pida soluci\u00f3n. Por tal motivo, se va a gestionar para que en la pr\u00f3xima reuni\u00f3n de Carsfe se invite a fiscales provinciales para abordar la tem\u00e1tica en profundidad.<\/p>\n<p class=\"selectionShareable\">Sociedad Rural de Las Colonias<\/p>\n","protected":false},"excerpt":{"rendered":"<p>En el encuentro, el Ministro de Seguridad de la Provincia remarc\u00f3 \u201cla necesidad de trabajar juntos para devolver la confianza\u00bb<\/p>\n","protected":false},"author":5,"featured_media":0,"comment_status":"open","ping_status":"open","sticky":false,"template":"","format":"standard","meta":[],"categories":[2306],"tags":[3788,3787,74,2018],"_links":{"self":[{"href":"http:\/\/rurallascolonias.com.ar\/index.php?rest_route=\/wp\/v2\/posts\/14607"}],"collection":[{"href":"http:\/\/rurallascolonias.com.ar\/index.php?rest_route=\/wp\/v2\/posts"}],"about":[{"href":"http:\/\/rurallascolonias.com.ar\/index.php?rest_route=\/wp\/v2\/types\/post"}],"author":[{"embeddable":true,"href":"http:\/\/rurallascolonias.com.ar\/index.php?rest_route=\/wp\/v2\/users\/5"}],"replies":[{"embeddable":true,"href":"http:\/\/rurallascolonias.com.ar\/index.php?rest_route=%2Fwp%2Fv2%2Fcomments&post=14607"}],"version-history":[{"count":2,"href":"http:\/\/rurallascolonias.com.ar\/index.php?rest_route=\/wp\/v2\/posts\/14607\/revisions"}],"predecessor-version":[{"id":14614,"href":"http:\/\/rurallascolonias.com.ar\/index.php?rest_route=\/wp\/v2\/posts\/14607\/revisions\/14614"}],"wp:attachment":[{"href":"http:\/\/rurallascolonias.com.ar\/index.php?rest_route=%2Fwp%2Fv2%2Fmedia&parent=14607"}],"wp:term":[{"taxonomy":"category","embeddable":true,"href":"http:\/\/rurallascolonias.com.ar\/index.php?rest_route=%2Fwp%2Fv2%2Fcategories&post=14607"},{"taxonomy":"post_tag","embeddable":true,"href":"http:\/\/rurallascolonias.com.ar\/index.php?rest_route=%2Fwp%2Fv2%2Ftags&post=14607"}],"curies":[{"name":"wp","href":"https:\/\/api.w.org\/{rel}","templated":true}]}}