{"id":14560,"date":"2017-06-09T13:38:42","date_gmt":"2017-06-09T13:38:42","guid":{"rendered":"http:\/\/rurallascolonias.com.ar\/?p=14560"},"modified":"2017-06-09T13:38:42","modified_gmt":"2017-06-09T13:38:42","slug":"trigo-por-los-excesos-hidricos-podrian-dejar-de-sembrarse-100-000-hectareas","status":"publish","type":"post","link":"http:\/\/rurallascolonias.com.ar\/?p=14560","title":{"rendered":"Trigo: por los excesos h\u00eddricos podr\u00edan dejar de sembrarse 100.000 hect\u00e1reas"},"content":{"rendered":"<h3><em><strong><a href=\"http:\/\/rurallascolonias.com.ar\/?attachment_id=14561\" rel=\"attachment wp-att-14561\"><img loading=\"lazy\" class=\"aligncenter size-full wp-image-14561\" src=\"http:\/\/rurallascolonias.com.ar\/wp-content\/uploads\/2017\/06\/inundaciones.jpg\" alt=\"\" width=\"750\" height=\"500\" srcset=\"http:\/\/rurallascolonias.com.ar\/wp-content\/uploads\/2017\/06\/inundaciones.jpg 750w, http:\/\/rurallascolonias.com.ar\/wp-content\/uploads\/2017\/06\/inundaciones-300x200.jpg 300w, http:\/\/rurallascolonias.com.ar\/wp-content\/uploads\/2017\/06\/inundaciones-600x400.jpg 600w, http:\/\/rurallascolonias.com.ar\/wp-content\/uploads\/2017\/06\/inundaciones-624x416.jpg 624w\" sizes=\"(max-width: 750px) 100vw, 750px\" \/><\/a>Bajo un escenario m\u00e1s favorable, debido a la eliminaci\u00f3n de las pol\u00edticas p\u00fablicas que tan negativamente afectaron su cultivo durante las \u00faltimas campa\u00f1as, el trigo ha vuelto al centro de la escena<\/strong><\/em><\/h3>\n<p><!--more--><\/p>\n<p><span class=\"vw-dropcap vw-dropcap-standard\">C<\/span>on una nueva expansi\u00f3n, durante el ciclo 2017\/18 se confirmar\u00eda el cambio de tendencia iniciado en la campa\u00f1a anterior, arribando a 5,5 millones de hect\u00e1reas. No obstante, la evoluci\u00f3n reciente del clima pone bajo un marco de incertidumbre las posibilidades de concretar el total de las intenciones de siembra relevadas.<\/p>\n<p>Las abundantes lluvias ca\u00eddas en regiones sobrecargadas de humedad provocaron anegamiento e inundaciones en una gran cantidad de lotes sobre el centro de la regi\u00f3n agr\u00edcola. Cerca de 100.000 hect\u00e1reas inicialmente destinadas a este cereal de invierno en C\u00f3rdoba, sur de Santa Fe, norte de La Pampa y centro-oeste de Buenos Aires, se encuentran actualmente afectadas por excesos h\u00eddricos. Aunque estas regiones est\u00e1n reci\u00e9n comenzando a transitar la ventana \u00f3ptima de siembra, que se extender\u00e1 por los pr\u00f3ximos dos meses (ver gr\u00e1fico de siembra de trigo), si la situaci\u00f3n clim\u00e1tica no mejora en las semanas siguientes gran parte de los lotes comprometidos podr\u00edan no ser implantados.<\/p>\n<p>Para comprender la situaci\u00f3n actual, es importante analizar la evoluci\u00f3n del clima durante los \u00faltimos a\u00f1os. Desde el ciclo 2013\/14 al presente hemos transitado 4 a\u00f1os clim\u00e1ticos neutros pero con abundantes precipitaciones (2012\/13, 2013\/14, 2014\/15 y 2016\/17), y un a\u00f1o ni\u00f1o (2015\/16). En consecuencia, durante las \u00faltimas campa\u00f1as hemos convivido con importantes \u00e1reas afectadas por inundaciones en diferentes sectores del pa\u00eds y \u00e9pocas del a\u00f1o.<\/p>\n<p>Por citar alguna de ellas, en C\u00f3rdoba los departamentos de Uni\u00f3n, Marcos Ju\u00e1rez, San Justo, General Roca, Ju\u00e1rez Celman, Rio Cuarto y Pte. R. S\u00e1enz Pe\u00f1a han sufrido el impacto de las inundaciones; como as\u00ed tambi\u00e9n gran parte de los departamentos de Santa Fe, Entre R\u00edos y Buenos Aires. A esta extensa lista se suman durante este nuevo ciclo varios departamentos de La Pampa.<\/p>\n<p>Si bien es cierto que la ocurrencia de ciclos h\u00famedos ha generado p\u00e9rdidas hist\u00f3ricas, tambi\u00e9n ha permitido la expansi\u00f3n de la actividad agr\u00edcola a trav\u00e9s del doble cultivo y la incorporaci\u00f3n de zonas marginales. Por otra parte, permiti\u00f3 que las semillas expresen todo su potencial gen\u00e9tico, alcanzando rendimientos y producciones r\u00e9cord en distintos cultivos a escala regional y nacional.<\/p>\n<p>En paralelo, durante los a\u00f1os h\u00famedos hemos relevado crecimientos en el \u00e1rea de trigo, utilizado como herramienta para el control de excesos h\u00eddricos y napas fre\u00e1ticas pr\u00f3ximas a la superficie en diferentes regiones del pa\u00eds, como tambi\u00e9n para el control de malezas resistentes. Sin ir m\u00e1s lejos, los excesos h\u00eddricos que durante el cierre del ciclo 2015\/16 provocaron p\u00e9rdidas hist\u00f3ricas en cultivos de verano sobre el este y sur de C\u00f3rdoba, gran parte de Santa Fe y Entre R\u00edos, ocurridos a pocos d\u00edas del inicio de la siembra del trigo 2016\/17, incentivaron la implantaci\u00f3n del cereal, la que a su vez fue promovida por el cambio en el esquema regulatorio, permitiendo alcanzar superficies sembradas equivalentes a las registradas a principios de la d\u00e9cada del 2000 en las regiones reci\u00e9n citadas.<\/p>\n<p>Por otro lado, con el fin de comprender las perspectivas del trigo a nivel nacional es importante incluir dentro del balance la recuperaci\u00f3n de superficie prevista en las regiones NOA, NEA y Centro-Norte de Santa Fe, como as\u00ed tambi\u00e9n en los n\u00facleos trigueros ubicados al sur de la provincia de Buenos Aires.<\/p>\n<p>En el caso de las provincias del norte argentino, que ya se encuentran avanzadas en sus planes de siembra, las expectativas de implantaci\u00f3n se mantienen en torno a las 660.000 hect\u00e1reas. Gran parte de estos incrementos se deben a las buenas condiciones ambientales en sectores del NOA y NEA, regiones que durante el ciclo previo no pudieron consolidar la recuperaci\u00f3n del \u00e1rea bajo el nuevo esquema regulatorio debido a la falta de humedad durante la ventana \u00f3ptima de siembra.<\/p>\n<p>En el extremo opuesto de la regi\u00f3n agr\u00edcola, los n\u00facleos trigueros del sur de Buenos Aires tambi\u00e9n prev\u00e9n una recuperaci\u00f3n de superficie en regiones que no pudieron concretar sus intenciones durante la campa\u00f1a previa, como consecuencia de la demora en la cosecha de soja. De mantenerse una buena oferta h\u00eddrica durante los meses de junio y julio, el sur bonaerense podr\u00eda incrementar hasta un 25% su intenci\u00f3n de siembra, compensando, junto con las regiones del norte, parte del \u00e1rea que no podr\u00e1 ser implantada por la situaci\u00f3n clim\u00e1tica descripta.<\/p>\n<p>Dentro de este contexto y comprendiendo las limitantes para la siembra presentes hoy en d\u00eda en las zonas m\u00e1s afectadas por inundaciones, las perspectivas para el total del \u00e1rea nacional permiten pensar en un nuevo incremento de la superficie. De concretarse estas perspectivas, este crecimiento favorecer\u00eda no s\u00f3lo a la cadena triguera, que m\u00e1s que duplicar\u00eda en s\u00f3lo dos campa\u00f1as su participaci\u00f3n en el PBI, sino tambi\u00e9n a la sustentabilidad del sistema productivo en su conjunto, debido a una mayor proporci\u00f3n de cereales en la rotaci\u00f3n.<\/p>\n<p>Por\u00a0Esteban Copati<\/p>\n","protected":false},"excerpt":{"rendered":"<p>Bajo un escenario m\u00e1s favorable, debido a la eliminaci\u00f3n de las pol\u00edticas p\u00fablicas que tan negativamente afectaron su cultivo durante las \u00faltimas campa\u00f1as, el trigo ha vuelto al centro de la escena<\/p>\n","protected":false},"author":5,"featured_media":0,"comment_status":"open","ping_status":"open","sticky":false,"template":"","format":"standard","meta":[],"categories":[18],"tags":[780,27],"_links":{"self":[{"href":"http:\/\/rurallascolonias.com.ar\/index.php?rest_route=\/wp\/v2\/posts\/14560"}],"collection":[{"href":"http:\/\/rurallascolonias.com.ar\/index.php?rest_route=\/wp\/v2\/posts"}],"about":[{"href":"http:\/\/rurallascolonias.com.ar\/index.php?rest_route=\/wp\/v2\/types\/post"}],"author":[{"embeddable":true,"href":"http:\/\/rurallascolonias.com.ar\/index.php?rest_route=\/wp\/v2\/users\/5"}],"replies":[{"embeddable":true,"href":"http:\/\/rurallascolonias.com.ar\/index.php?rest_route=%2Fwp%2Fv2%2Fcomments&post=14560"}],"version-history":[{"count":1,"href":"http:\/\/rurallascolonias.com.ar\/index.php?rest_route=\/wp\/v2\/posts\/14560\/revisions"}],"predecessor-version":[{"id":14562,"href":"http:\/\/rurallascolonias.com.ar\/index.php?rest_route=\/wp\/v2\/posts\/14560\/revisions\/14562"}],"wp:attachment":[{"href":"http:\/\/rurallascolonias.com.ar\/index.php?rest_route=%2Fwp%2Fv2%2Fmedia&parent=14560"}],"wp:term":[{"taxonomy":"category","embeddable":true,"href":"http:\/\/rurallascolonias.com.ar\/index.php?rest_route=%2Fwp%2Fv2%2Fcategories&post=14560"},{"taxonomy":"post_tag","embeddable":true,"href":"http:\/\/rurallascolonias.com.ar\/index.php?rest_route=%2Fwp%2Fv2%2Ftags&post=14560"}],"curies":[{"name":"wp","href":"https:\/\/api.w.org\/{rel}","templated":true}]}}