{"id":14517,"date":"2017-06-06T10:45:46","date_gmt":"2017-06-06T10:45:46","guid":{"rendered":"http:\/\/rurallascolonias.com.ar\/?p=14517"},"modified":"2017-06-06T15:51:05","modified_gmt":"2017-06-06T15:51:05","slug":"estiman-un-crecimiento-del-5-anual-y-mejora-en-la-eficiencia-de-los-tambos","status":"publish","type":"post","link":"http:\/\/rurallascolonias.com.ar\/?p=14517","title":{"rendered":"Estiman un crecimiento del 5% anual y mejora en la eficiencia de los tambos"},"content":{"rendered":"<p><em><strong><a href=\"http:\/\/rurallascolonias.com.ar\/?attachment_id=14518\" rel=\"attachment wp-att-14518\"><img loading=\"lazy\" class=\"alignleft size-full wp-image-14518\" src=\"http:\/\/rurallascolonias.com.ar\/wp-content\/uploads\/2017\/06\/Sammartino-hablo-de-lecheria-y-de-SanCor-300x300.jpg\" alt=\"\" width=\"300\" height=\"300\" srcset=\"http:\/\/rurallascolonias.com.ar\/wp-content\/uploads\/2017\/06\/Sammartino-hablo-de-lecheria-y-de-SanCor-300x300.jpg 300w, http:\/\/rurallascolonias.com.ar\/wp-content\/uploads\/2017\/06\/Sammartino-hablo-de-lecheria-y-de-SanCor-300x300-150x150.jpg 150w\" sizes=\"(max-width: 300px) 100vw, 300px\" \/><\/a>El subsecretario de Lecher\u00eda de la Naci\u00f3n, Alejandro Sammartino, visit\u00f3 Agroactiva y mantuvo reuniones con productores y representantes la Meprolsafe, donde hablaron sobre el presente y futuro de la actividad. Desde su \u00e1rea, estiman mejoras progresivas anuales en la producci\u00f3n<\/strong><\/em><!--more--><\/p>\n<p>En el marco del acompa\u00f1amiento al sector, el subsecretario de Lecher\u00eda del Ministerio de Agroindustria, Alejandro Sammartino, visit\u00f3 Agroactiva donde mantuvo encuentros con representantes de la Mesa provincial de Productores de Leche de Santa Fe (Meprolsafe), y debatieron sobre la actualidad del sector y las visiones a largo plazo.<\/p>\n<p>Sammartino, con la mirada en una lecher\u00eda a largo plazo coment\u00f3 que \u201cprev\u00e9 un crecimiento de 5% anual, la mejora en la eficiencia de los tambos y la \u201ctransparencia\u201d en toda la cadena.\u201d<\/p>\n<p>Adem\u00e1s, el titular de la cartera de lecher\u00eda se reuni\u00f3 con productores de la zona, y coincidieron en la importancia de trabajar en el plan transparencia y ordenamiento en todos los eslabones de la cadena, con el objetivo central de mejorar la competitividad. \u201cDebemos tener una visi\u00f3n estrat\u00e9gica para optimizar la transparencia y ordenamiento de la cadena e incrementar la confianza entre todos los actores\u201d, expres\u00f3 el subsecretario.<\/p>\n<p>Adem\u00e1s, el mi\u00e9rcoles particip\u00f3 de la Jornada organizada por la Fundaci\u00f3n para la Promoci\u00f3n y Desarrollo de la cadena l\u00e1ctea (FunPel), en la Sociedad Rural de Lincoln, donde se desarrollaron charlas sobre Observatorio de la Cadena L\u00e1ctea Argentina (OCLA), a cargo de Jorge Giraudo, quien participar\u00e1 de las Jornadas Lecheras Nacionales 2017 el pr\u00f3ximo mi\u00e9rcoles 7 de junio en el Hotel Amerian de la ciudad de Villa Mar\u00eda exponiendo sobre la actualidad, el futuro y los n\u00fameros del sector lechero argentino.<\/p>\n<p>http:\/\/www.todoagro.com.ar<\/p>\n","protected":false},"excerpt":{"rendered":"<p>El subsecretario de Lecher\u00eda de la Naci\u00f3n, Alejandro Sammartino, visit\u00f3 Agroactiva y mantuvo reuniones con productores y representantes la Meprolsafe, donde hablaron sobre el presente y futuro de la actividad. Desde su \u00e1rea, estiman mejoras progresivas anuales en la producci\u00f3n<\/p>\n","protected":false},"author":5,"featured_media":0,"comment_status":"open","ping_status":"open","sticky":false,"template":"","format":"standard","meta":[],"categories":[46],"tags":[3773,245,3774,3775,3161,406],"_links":{"self":[{"href":"http:\/\/rurallascolonias.com.ar\/index.php?rest_route=\/wp\/v2\/posts\/14517"}],"collection":[{"href":"http:\/\/rurallascolonias.com.ar\/index.php?rest_route=\/wp\/v2\/posts"}],"about":[{"href":"http:\/\/rurallascolonias.com.ar\/index.php?rest_route=\/wp\/v2\/types\/post"}],"author":[{"embeddable":true,"href":"http:\/\/rurallascolonias.com.ar\/index.php?rest_route=\/wp\/v2\/users\/5"}],"replies":[{"embeddable":true,"href":"http:\/\/rurallascolonias.com.ar\/index.php?rest_route=%2Fwp%2Fv2%2Fcomments&post=14517"}],"version-history":[{"count":1,"href":"http:\/\/rurallascolonias.com.ar\/index.php?rest_route=\/wp\/v2\/posts\/14517\/revisions"}],"predecessor-version":[{"id":14519,"href":"http:\/\/rurallascolonias.com.ar\/index.php?rest_route=\/wp\/v2\/posts\/14517\/revisions\/14519"}],"wp:attachment":[{"href":"http:\/\/rurallascolonias.com.ar\/index.php?rest_route=%2Fwp%2Fv2%2Fmedia&parent=14517"}],"wp:term":[{"taxonomy":"category","embeddable":true,"href":"http:\/\/rurallascolonias.com.ar\/index.php?rest_route=%2Fwp%2Fv2%2Fcategories&post=14517"},{"taxonomy":"post_tag","embeddable":true,"href":"http:\/\/rurallascolonias.com.ar\/index.php?rest_route=%2Fwp%2Fv2%2Ftags&post=14517"}],"curies":[{"name":"wp","href":"https:\/\/api.w.org\/{rel}","templated":true}]}}