{"id":14493,"date":"2017-06-01T18:05:44","date_gmt":"2017-06-01T18:05:44","guid":{"rendered":"http:\/\/rurallascolonias.com.ar\/?p=14493"},"modified":"2017-06-01T18:05:44","modified_gmt":"2017-06-01T18:05:44","slug":"aseguran-que-se-recupera-el-consumo-de-lacteos","status":"publish","type":"post","link":"http:\/\/rurallascolonias.com.ar\/?p=14493","title":{"rendered":"Aseguran que se recupera el consumo de l\u00e1cteos"},"content":{"rendered":"<p><em><strong><a href=\"http:\/\/rurallascolonias.com.ar\/?attachment_id=11488\" rel=\"attachment wp-att-11488\"><img loading=\"lazy\" class=\"aligncenter size-full wp-image-11488\" src=\"http:\/\/rurallascolonias.com.ar\/wp-content\/uploads\/2016\/08\/Lacteos-otra-muestra-de-como-afectar-cadenas-300x300.jpg\" alt=\"\" width=\"300\" height=\"300\" srcset=\"http:\/\/rurallascolonias.com.ar\/wp-content\/uploads\/2016\/08\/Lacteos-otra-muestra-de-como-afectar-cadenas-300x300.jpg 300w, http:\/\/rurallascolonias.com.ar\/wp-content\/uploads\/2016\/08\/Lacteos-otra-muestra-de-como-afectar-cadenas-300x300-150x150.jpg 150w\" sizes=\"(max-width: 300px) 100vw, 300px\" \/><\/a>El consumo de l\u00e1cteos registr\u00f3 en mayo la primera recuperaci\u00f3n desde el inicio de la gesti\u00f3n del Gobierno nacional. As\u00ed lo asegur\u00f3 ayer el subsecretario de Lecher\u00eda, Alejandro Sammartino, quien adem\u00e1s estim\u00f3 que la inflaci\u00f3n de este mes se ubicar\u00e1 en 1,6%<\/strong><\/em><!--more--><\/p>\n<p>\u201cLa foto de principio de a\u00f1o y la de a\u00f1o pasado es distinta a la actual\u201d, asegur\u00f3 Sammartino en di\u00e1logo con T\u00e9lam Radio. En ese marco, el funcionario enfatiz\u00f3 que \u201cpor primera vez en lo que va de la gesti\u00f3n hay una recuperaci\u00f3n del consumo\u0091 de l\u00e1cteos\u201d. Los datos se conocen un d\u00eda despu\u00e9s de haberse sellado el proceso de reestructuraci\u00f3n de SanCor, la principal empresa l\u00e1ctea del pa\u00eds, y a la cual el Gobierno destinar\u00e1 $ 450 millones a modo de auxilio financiero.<\/p>\n<p>En ese contexto, el funcionario agreg\u00f3 que \u201ccon el acuerdo paritario el consumo deber\u00eda traccionar y a partir de ahora los consumidores pueden encontrar alternativas\u0091 de precios, tanto en l\u00e1cteos como en alimentos en general\u201d.<\/p>\n<p>No obstante, indic\u00f3 que en el norte de la provincia de Buenos Aires ya cerraron entre 30 y 40 tambos, imposibilitados de funcionar por las inundaciones en la zona.<\/p>\n<div class=\"content-banner\"><\/div>\n<p>Por otra parte, Sammartino estim\u00f3 que la inflaci\u00f3n de mayo se ubicar\u00e1 en 1,6%, por lo que resultar\u00e1 inferior a la de abril que fue de 2,6%. \u201cCuando vivimos econom\u00edas inflacionarias es muy complicado anclar precios\u201d, agreg\u00f3 el funcionario del Ministerio de Agroindustria, quien consider\u00f3 que \u201cse viene ahora un proceso que con la ca\u00edda de la inflaci\u00f3n, la gente podr\u00e1 referenciar precios\u201d.<\/p>\n<p>Sammartino se\u00f1al\u00f3 a su vez que con programas como \u0091alimentos en tu barrio\u0092, los consumidores \u201cpodr\u00e1n ver que hay grandes diferencias en los precios entre un supermercado, una tienda o lugares de barrio\u201d.<\/p>\n<p>https:\/\/www.cronista.com<\/p>\n","protected":false},"excerpt":{"rendered":"<p>El consumo de l\u00e1cteos registr\u00f3 en mayo la primera recuperaci\u00f3n desde el inicio de la gesti\u00f3n del Gobierno nacional. As\u00ed lo asegur\u00f3 ayer el subsecretario de Lecher\u00eda, Alejandro Sammartino, quien adem\u00e1s estim\u00f3 que la inflaci\u00f3n de este mes se ubicar\u00e1 en 1,6%<\/p>\n","protected":false},"author":5,"featured_media":0,"comment_status":"open","ping_status":"open","sticky":false,"template":"","format":"standard","meta":[],"categories":[46],"tags":[551,9,47,2617],"_links":{"self":[{"href":"http:\/\/rurallascolonias.com.ar\/index.php?rest_route=\/wp\/v2\/posts\/14493"}],"collection":[{"href":"http:\/\/rurallascolonias.com.ar\/index.php?rest_route=\/wp\/v2\/posts"}],"about":[{"href":"http:\/\/rurallascolonias.com.ar\/index.php?rest_route=\/wp\/v2\/types\/post"}],"author":[{"embeddable":true,"href":"http:\/\/rurallascolonias.com.ar\/index.php?rest_route=\/wp\/v2\/users\/5"}],"replies":[{"embeddable":true,"href":"http:\/\/rurallascolonias.com.ar\/index.php?rest_route=%2Fwp%2Fv2%2Fcomments&post=14493"}],"version-history":[{"count":1,"href":"http:\/\/rurallascolonias.com.ar\/index.php?rest_route=\/wp\/v2\/posts\/14493\/revisions"}],"predecessor-version":[{"id":14494,"href":"http:\/\/rurallascolonias.com.ar\/index.php?rest_route=\/wp\/v2\/posts\/14493\/revisions\/14494"}],"wp:attachment":[{"href":"http:\/\/rurallascolonias.com.ar\/index.php?rest_route=%2Fwp%2Fv2%2Fmedia&parent=14493"}],"wp:term":[{"taxonomy":"category","embeddable":true,"href":"http:\/\/rurallascolonias.com.ar\/index.php?rest_route=%2Fwp%2Fv2%2Fcategories&post=14493"},{"taxonomy":"post_tag","embeddable":true,"href":"http:\/\/rurallascolonias.com.ar\/index.php?rest_route=%2Fwp%2Fv2%2Ftags&post=14493"}],"curies":[{"name":"wp","href":"https:\/\/api.w.org\/{rel}","templated":true}]}}