{"id":14454,"date":"2017-05-29T17:00:23","date_gmt":"2017-05-29T17:00:23","guid":{"rendered":"http:\/\/rurallascolonias.com.ar\/?p=14454"},"modified":"2017-05-29T23:54:17","modified_gmt":"2017-05-29T23:54:17","slug":"pilu-giraudo-en-esperanza","status":"publish","type":"post","link":"http:\/\/rurallascolonias.com.ar\/?p=14454","title":{"rendered":"PILU GIRAUDO EN ESPERANZA"},"content":{"rendered":"<p><strong><em><a href=\"http:\/\/rurallascolonias.com.ar\/?attachment_id=14455\" rel=\"attachment wp-att-14455\"><img loading=\"lazy\" class=\"aligncenter wp-image-14455 size-medium\" src=\"http:\/\/rurallascolonias.com.ar\/wp-content\/uploads\/2017\/05\/pilu-giraudo-300x225.jpg\" alt=\"\" width=\"300\" height=\"225\" srcset=\"http:\/\/rurallascolonias.com.ar\/wp-content\/uploads\/2017\/05\/pilu-giraudo-300x225.jpg 300w, http:\/\/rurallascolonias.com.ar\/wp-content\/uploads\/2017\/05\/pilu-giraudo.jpg 600w\" sizes=\"(max-width: 300px) 100vw, 300px\" \/><\/a>Mar\u00eda Beatriz (Pilu) Giraudo, responsable del \u00c1rea de Pol\u00edticas Sustentables de Agroindustria de la Naci\u00f3n, estar\u00e1 en Esperanza el pr\u00f3ximo 2 de junio a las 19 hs. en el Sal\u00f3n de la Sociedad Rural de Las Colonias de calle Moreno 2230. \u00a0La entrada libre y gratuita<\/em><\/strong><!--more--><\/p>\n<p>La tem\u00e1tica a tratar ser\u00e1 \u00abReordenamiento territorial hacia el desarrollo regional\u00bb. \u00a0La propuesta es hacer foco en el ordenamiento territorial como herramienta crucial para guiar el dise\u00f1o urbano-vial; manejo de cuencas h\u00eddricas y uso de suelos para la producci\u00f3n correcta \u00a0hacia un crecimiento integrado y adecuado, con sustentabilidad en lo econ\u00f3mico, productivo , ambiental y social como meta. De esta manera, construir herramientas de intervenci\u00f3n para impulsar las oportunidades de desarrollo a trav\u00e9s de la pol\u00edtica, transversal y multiparticipativa con base en las necesidades reales y concretas de la poblaci\u00f3n.<\/p>\n<p>Estar\u00e1 acompa\u00f1ada por Hugo Rossi, subsecretario de Coordinaci\u00f3n de Pol\u00edticas en el Ministerio de Agroindustria de la Naci\u00f3n<\/p>\n<p>Sociedad Rural de Las Colonias<\/p>\n<p>&nbsp;<\/p>\n","protected":false},"excerpt":{"rendered":"<p>Mar\u00eda Beatriz (Pilu) Giraudo, responsable del \u00c1rea de Pol\u00edticas Sustentables de Agroindustria de la Naci\u00f3n, estar\u00e1 en Esperanza el pr\u00f3ximo 2 de junio a las 19 hs. en el Sal\u00f3n de la Sociedad Rural de Las Colonias de calle Moreno 2230. \u00a0La entrada libre y gratuita<\/p>\n","protected":false},"author":5,"featured_media":0,"comment_status":"open","ping_status":"open","sticky":false,"template":"","format":"standard","meta":[],"categories":[29],"tags":[3766,3765],"_links":{"self":[{"href":"http:\/\/rurallascolonias.com.ar\/index.php?rest_route=\/wp\/v2\/posts\/14454"}],"collection":[{"href":"http:\/\/rurallascolonias.com.ar\/index.php?rest_route=\/wp\/v2\/posts"}],"about":[{"href":"http:\/\/rurallascolonias.com.ar\/index.php?rest_route=\/wp\/v2\/types\/post"}],"author":[{"embeddable":true,"href":"http:\/\/rurallascolonias.com.ar\/index.php?rest_route=\/wp\/v2\/users\/5"}],"replies":[{"embeddable":true,"href":"http:\/\/rurallascolonias.com.ar\/index.php?rest_route=%2Fwp%2Fv2%2Fcomments&post=14454"}],"version-history":[{"count":3,"href":"http:\/\/rurallascolonias.com.ar\/index.php?rest_route=\/wp\/v2\/posts\/14454\/revisions"}],"predecessor-version":[{"id":14460,"href":"http:\/\/rurallascolonias.com.ar\/index.php?rest_route=\/wp\/v2\/posts\/14454\/revisions\/14460"}],"wp:attachment":[{"href":"http:\/\/rurallascolonias.com.ar\/index.php?rest_route=%2Fwp%2Fv2%2Fmedia&parent=14454"}],"wp:term":[{"taxonomy":"category","embeddable":true,"href":"http:\/\/rurallascolonias.com.ar\/index.php?rest_route=%2Fwp%2Fv2%2Fcategories&post=14454"},{"taxonomy":"post_tag","embeddable":true,"href":"http:\/\/rurallascolonias.com.ar\/index.php?rest_route=%2Fwp%2Fv2%2Ftags&post=14454"}],"curies":[{"name":"wp","href":"https:\/\/api.w.org\/{rel}","templated":true}]}}