{"id":14436,"date":"2017-05-26T10:23:44","date_gmt":"2017-05-26T10:23:44","guid":{"rendered":"http:\/\/rurallascolonias.com.ar\/?p=14436"},"modified":"2017-05-26T18:33:15","modified_gmt":"2017-05-26T18:33:15","slug":"manteca-uruguaya-en-las-gondolas-hay-que-preocuparse","status":"publish","type":"post","link":"http:\/\/rurallascolonias.com.ar\/?p=14436","title":{"rendered":"Manteca uruguaya en las g\u00f3ndolas \u00bfHay que preocuparse?"},"content":{"rendered":"<p id=\"editor_p_17304432\" class=\"editor_copete\"><em><strong><a href=\"http:\/\/rurallascolonias.com.ar\/?attachment_id=14437\" rel=\"attachment wp-att-14437\"><img loading=\"lazy\" class=\"aligncenter wp-image-14437 size-medium\" src=\"http:\/\/rurallascolonias.com.ar\/wp-content\/uploads\/2017\/05\/Manteca-Conaprole_th_grande_completa-300x127.jpg\" alt=\"\" width=\"300\" height=\"127\" srcset=\"http:\/\/rurallascolonias.com.ar\/wp-content\/uploads\/2017\/05\/Manteca-Conaprole_th_grande_completa-300x127.jpg 300w, http:\/\/rurallascolonias.com.ar\/wp-content\/uploads\/2017\/05\/Manteca-Conaprole_th_grande_completa-600x253.jpg 600w, http:\/\/rurallascolonias.com.ar\/wp-content\/uploads\/2017\/05\/Manteca-Conaprole_th_grande_completa-624x264.jpg 624w, http:\/\/rurallascolonias.com.ar\/wp-content\/uploads\/2017\/05\/Manteca-Conaprole_th_grande_completa.jpg 748w\" sizes=\"(max-width: 300px) 100vw, 300px\" \/><\/a>En algunas cadenas de supermercados se comenz\u00f3 a ver manteca de marca Conaprole en sus g\u00f3ndolas. \u00bfQu\u00e9 significa esto? \u00bfCu\u00e1nto influye en el mercado local?<\/strong><\/em><!--more--><\/p>\n<div class=\"plugin-rrss\"><\/div>\n<div id=\"editor_17304432\" class=\"editor_cuerpo\">\n<div align=\"justify\">Un sector de la industria lechera import\u00f3 manteca de Uruguay como<em> \u00abprecauci\u00f3n\u00bb <\/em>para evitar faltantes debido a una merma estacional en la producci\u00f3n local.<\/div>\n<div align=\"justify\">\nAs\u00ed lo confirm\u00f3 a <strong><em>LA NACION <\/em><\/strong>una fuente de la industria, que se\u00f1al\u00f3 que vinieron del vecino pa\u00eds <em>\u00abno m\u00e1s de 200 toneladas\u00bb<\/em> y que la decisi\u00f3n de comprar en Uruguay fue en marzo pasado. Sin embargo, seg\u00fan datos del<strong> Observatorio de Importaciones de Santa Fe,<\/strong> hasta el 21 del actual ingres\u00f3 un total de 367,98 toneladas, una suba del 657% respecto del a\u00f1o pasado, cuando entraron 48,5 toneladas.<\/div>\n<div align=\"justify\"><em><br \/>\n\u00abAlgunas empresas le compraron manteca a <strong>Conaprole <\/strong>(principal cooperativa l\u00e1ctea del vecino pa\u00eds). Lo hicieron industrias para reprocesar con la manteca de ac\u00e1 y luego envasarla\u00bb<\/em>, se\u00f1al\u00f3 la fuente consultada. <em>\u00abNo hay faltantes de manteca, el mercado est\u00e1 bien abastecido, pero eso se hizo por precauci\u00f3n por la ca\u00edda de la producci\u00f3n\u00bb,<\/em> agreg\u00f3.<\/div>\n<div align=\"justify\">\nDe acuerdo al <strong>Observatorio de Importaciones de Santa Fe<\/strong>, <strong>Milkaut <\/strong>trajo 122,5 toneladas y <strong>Mastellone<\/strong> 225 toneladas. Importaron para reprocesar ac\u00e1. Como novedad, hubo una importaci\u00f3n directa de <strong>COTO <\/strong>por 20,48 toneladas.<\/div>\n<div align=\"justify\">\nEl a\u00f1o pasado, la Argentina tuvo, en medio de problemas clim\u00e1ticos y p\u00e9rdida de rentabilidad en los tambos, una producci\u00f3n de 9895 millones de litros de leche, una merma del 12,5% respecto de 2015. De la producci\u00f3n total, seg\u00fan el <strong>Observatorio de la Cadena L\u00e1ctea Argentina <\/strong>un 5,8% se destin\u00f3 a manteca. Para la industria, la manteca es un subproducto de la separaci\u00f3n de cremas para la elaboraci\u00f3n de productos como leche descremada, quesos duros y case\u00edna. Seg\u00fan el \u00faltimo dato disponible, en 2015 el consumo por habitante de manteca en el pa\u00eds se ubic\u00f3 en 0,87 kilos.<\/div>\n<div align=\"justify\">\n<em>\u00abEstamos en la estaci\u00f3n del a\u00f1o de reducci\u00f3n de la producci\u00f3n y, por la carencia de forrajes, con problemas de calidad. Eso ha generado pocos s\u00f3lidos en la leche; falta un poco de grasa\u00bb, <\/em>indic\u00f3 el industrial.<\/div>\n<div align=\"justify\">\nSeg\u00fan precis\u00f3, la manteca lleg\u00f3 al pa\u00eds congelada en cajas de 20 kilos. Aqu\u00ed, las industrias la reprocesaron y mezclaron con crema local. Ese decir, en esos casos no vino terminada. Sin embargo, en supermercados de primera l\u00ednea apareci\u00f3 manteca terminada marca <strong>Conaprole<\/strong>, cuya importaci\u00f3n habr\u00eda sido directa.<\/div>\n<div align=\"justify\">\nDe acuerdo a la fuente consultada, en otros a\u00f1os tambi\u00e9n se hicieron algunas importaciones de la materia prima desde Uruguay. Como el a\u00f1o pasado hubo denuncias de faltantes en las g\u00f3ndolas, esta vez el sector industrial, con el visto bueno del Gobierno, planific\u00f3 la importaci\u00f3n de manteca congelada para reprocesar aqu\u00ed y luego vender. En este contexto, el industrial insisti\u00f3 en que <em>\u00abno hay faltantes<\/em>\u00bb y que lo importado <em>\u00abse trajo preventivamente\u00bb.<\/em><\/div>\n<div align=\"justify\">\nFuentes consultadas de la Subsecretar\u00eda de Lecher\u00eda de la Naci\u00f3n, coinciden con que <em>\u00abNo es la primera vez que Argentina importa manteca y no nos tendr\u00eda que asustar, porque de hecho se ha importado en la \u00faltima d\u00e9cada, aun habiendo excedentes de producci\u00f3n en el mercado interno\u00bb<\/em>, aclar\u00f3 la fuente.<\/div>\n<div align=\"justify\"><em><br \/>\n\u00abEl a\u00f1o pasado sobr\u00f3 leche, de hecho se pudieron exportar 300 mil toneladas, y eso no significa que pueda llegar a faltar o no manteca. La presencia de manteca importada no se correlaciona con una faltante de leche. S\u00ed tiene que ver con la faltante de grasa, que es con qu\u00e9 se hace este producto. Las cantidades importada de manteca s son m\u00ednimas, y no pueden provocar una masiva ca\u00edda de leche\u00bb.<\/em><\/div>\n<div align=\"justify\">\n<strong>Fuente<\/strong>: La Naci\u00f3n y Redacci\u00f3n Infortambo.com<\/div>\n<\/div>\n","protected":false},"excerpt":{"rendered":"<p>En algunas cadenas de supermercados se comenz\u00f3 a ver manteca de marca Conaprole en sus g\u00f3ndolas. \u00bfQu\u00e9 significa esto? \u00bfCu\u00e1nto influye en el mercado local?<\/p>\n","protected":false},"author":5,"featured_media":0,"comment_status":"open","ping_status":"open","sticky":false,"template":"","format":"standard","meta":[],"categories":[1],"tags":[302,3760],"_links":{"self":[{"href":"http:\/\/rurallascolonias.com.ar\/index.php?rest_route=\/wp\/v2\/posts\/14436"}],"collection":[{"href":"http:\/\/rurallascolonias.com.ar\/index.php?rest_route=\/wp\/v2\/posts"}],"about":[{"href":"http:\/\/rurallascolonias.com.ar\/index.php?rest_route=\/wp\/v2\/types\/post"}],"author":[{"embeddable":true,"href":"http:\/\/rurallascolonias.com.ar\/index.php?rest_route=\/wp\/v2\/users\/5"}],"replies":[{"embeddable":true,"href":"http:\/\/rurallascolonias.com.ar\/index.php?rest_route=%2Fwp%2Fv2%2Fcomments&post=14436"}],"version-history":[{"count":1,"href":"http:\/\/rurallascolonias.com.ar\/index.php?rest_route=\/wp\/v2\/posts\/14436\/revisions"}],"predecessor-version":[{"id":14438,"href":"http:\/\/rurallascolonias.com.ar\/index.php?rest_route=\/wp\/v2\/posts\/14436\/revisions\/14438"}],"wp:attachment":[{"href":"http:\/\/rurallascolonias.com.ar\/index.php?rest_route=%2Fwp%2Fv2%2Fmedia&parent=14436"}],"wp:term":[{"taxonomy":"category","embeddable":true,"href":"http:\/\/rurallascolonias.com.ar\/index.php?rest_route=%2Fwp%2Fv2%2Fcategories&post=14436"},{"taxonomy":"post_tag","embeddable":true,"href":"http:\/\/rurallascolonias.com.ar\/index.php?rest_route=%2Fwp%2Fv2%2Ftags&post=14436"}],"curies":[{"name":"wp","href":"https:\/\/api.w.org\/{rel}","templated":true}]}}