{"id":14412,"date":"2017-05-23T10:08:17","date_gmt":"2017-05-23T10:08:17","guid":{"rendered":"http:\/\/rurallascolonias.com.ar\/?p=14412"},"modified":"2017-05-23T18:10:25","modified_gmt":"2017-05-23T18:10:25","slug":"el-viernes-llega-un-anticipo-del-invierno","status":"publish","type":"post","link":"http:\/\/rurallascolonias.com.ar\/?p=14412","title":{"rendered":"El viernes llega un anticipo del invierno"},"content":{"rendered":"<h3><em><a href=\"http:\/\/rurallascolonias.com.ar\/?attachment_id=10980\" rel=\"attachment wp-att-10980\"><img loading=\"lazy\" class=\"aligncenter size-full wp-image-10980\" src=\"http:\/\/rurallascolonias.com.ar\/wp-content\/uploads\/2016\/06\/fr\u00edo-polar.jpg\" alt=\"\" width=\"259\" height=\"194\" \/><\/a>La semana se desarrollar\u00e1 con tendencia a mantenerse estable en los primeros d\u00edas. El mi\u00e9rcoles se prepara como jornada de transici\u00f3n<\/em><\/h3>\n<p><!--more--><\/p>\n<p><span class=\"vw-dropcap vw-dropcap-standard\">P<\/span>ara hoy martes en\u00a0la zona central del pa\u00eds, se prev\u00e9 que se presenten algunas precipitaciones pero en forma aislada, especialmente sobre el sudoeste de Buenos Aires y parte central y este de la provincia de La Pampa.<\/p>\n<p>El mi\u00e9rcoles, las condiciones de tiempo inestable se presentar\u00e1n en la mayor parte del territorio nacional, aunque las lluvias se concentrar\u00edan sobre el sur del \u00e1rea pampeana, mientras que sobre la regi\u00f3n del Litoral y zona del NEA se observar\u00e1n fen\u00f3menos algo m\u00e1s d\u00e9biles que el d\u00eda martes, por lo que se prev\u00e9 una mejora temporaria, especialmente en cuanto al caudal de lluvias esperado.<\/p>\n<p>Adem\u00e1s el jueves\u00a0sobre la zona central del pa\u00eds, todav\u00eda se mantendr\u00e1 el tiempo inestable, pudiendo registrarse algunas lluvias y lloviznas, con abundante nubosidad en toda la regi\u00f3n. Los fen\u00f3menos m\u00e1s significativos se prev\u00e9n para la porci\u00f3n este de la zona pampeana.<\/p>\n<p>El viernes, se espera que las condiciones mejoren totalmente sobre la zona central del pa\u00eds, todav\u00eda con un resto importante de nubosidad en horas de la ma\u00f1ana, pero luego se presentar\u00e1 el cielo totalmente despejado y con un moderado descenso t\u00e9rmico que se notar\u00e1 especialmente a partir de la tarde\/noche.<\/p>\n<p>Por \u00faltimo el a\u00a0partir del fin de semana las condiciones mejorar\u00e1n en todo el territorio nacional, con un importante descenso t\u00e9rmico en todo el pa\u00eds, pero fundamentalmente sobre la zona pampeana, donde se prev\u00e9 que se registren heladas de moderada a fuerte intensidad y de manera bastante generalizada, tanto durante la ma\u00f1ana del s\u00e1bado como la del domingo.<\/p>\n<p>Los eventos m\u00e1s importantes de helada se dar\u00e1n durante el s\u00e1bado, pero hay que destacar que el domingo afectar\u00e1n a una porci\u00f3n m\u00e1s amplia y m\u00e1s al norte. Asimismo a partir del s\u00e1bado se prev\u00e9 un per\u00edodo relativamente extenso de condiciones de estabilidad en la porci\u00f3n central del pa\u00eds.<\/p>\n<p>Fuente: CCA\/SMN\/Newsagrofyo.com<\/p>\n","protected":false},"excerpt":{"rendered":"<p>La semana se desarrollar\u00e1 con tendencia a mantenerse estable en los primeros d\u00edas. El mi\u00e9rcoles se prepara como jornada de transici\u00f3n<\/p>\n","protected":false},"author":5,"featured_media":0,"comment_status":"open","ping_status":"open","sticky":false,"template":"","format":"standard","meta":[],"categories":[40],"tags":[952],"_links":{"self":[{"href":"http:\/\/rurallascolonias.com.ar\/index.php?rest_route=\/wp\/v2\/posts\/14412"}],"collection":[{"href":"http:\/\/rurallascolonias.com.ar\/index.php?rest_route=\/wp\/v2\/posts"}],"about":[{"href":"http:\/\/rurallascolonias.com.ar\/index.php?rest_route=\/wp\/v2\/types\/post"}],"author":[{"embeddable":true,"href":"http:\/\/rurallascolonias.com.ar\/index.php?rest_route=\/wp\/v2\/users\/5"}],"replies":[{"embeddable":true,"href":"http:\/\/rurallascolonias.com.ar\/index.php?rest_route=%2Fwp%2Fv2%2Fcomments&post=14412"}],"version-history":[{"count":1,"href":"http:\/\/rurallascolonias.com.ar\/index.php?rest_route=\/wp\/v2\/posts\/14412\/revisions"}],"predecessor-version":[{"id":14413,"href":"http:\/\/rurallascolonias.com.ar\/index.php?rest_route=\/wp\/v2\/posts\/14412\/revisions\/14413"}],"wp:attachment":[{"href":"http:\/\/rurallascolonias.com.ar\/index.php?rest_route=%2Fwp%2Fv2%2Fmedia&parent=14412"}],"wp:term":[{"taxonomy":"category","embeddable":true,"href":"http:\/\/rurallascolonias.com.ar\/index.php?rest_route=%2Fwp%2Fv2%2Fcategories&post=14412"},{"taxonomy":"post_tag","embeddable":true,"href":"http:\/\/rurallascolonias.com.ar\/index.php?rest_route=%2Fwp%2Fv2%2Ftags&post=14412"}],"curies":[{"name":"wp","href":"https:\/\/api.w.org\/{rel}","templated":true}]}}