{"id":14386,"date":"2017-05-19T15:49:44","date_gmt":"2017-05-19T15:49:44","guid":{"rendered":"http:\/\/rurallascolonias.com.ar\/?p=14386"},"modified":"2017-05-19T15:49:44","modified_gmt":"2017-05-19T15:49:44","slug":"el-senado-de-santa-fe-dio-media-sancion-a-la-declaracion-de-emergencia-al-sector-lacteo","status":"publish","type":"post","link":"http:\/\/rurallascolonias.com.ar\/?p=14386","title":{"rendered":"El senado de Santa Fe di\u00f3 media sanci\u00f3n a la declaraci\u00f3n de emergencia al sector l\u00e1cteo"},"content":{"rendered":"<p><strong><em><a href=\"http:\/\/rurallascolonias.com.ar\/?attachment_id=3678\" rel=\"attachment wp-att-3678\"><img loading=\"lazy\" class=\"aligncenter size-full wp-image-3678\" src=\"http:\/\/rurallascolonias.com.ar\/wp-content\/uploads\/2014\/08\/sector-l\u00e1cteo-2.jpg\" alt=\"\" width=\"264\" height=\"191\" \/><\/a>Entre otros puntos se plantea \u201casegurar la continuidad laboral de todos los trabajadores del sector y asistir socialmente a quienes hayan perdido su puesto de trabajo\u201d<\/em><\/strong><!--more--><\/p>\n<p>La iniciativa, elaborada por los senadores peronistas Alcides Calvo, Danilo Capitani y Rub\u00e9n Pirola, fue votada tambi\u00e9n por los legisladores del oficialismo y girada a Diputados para su tratamiento.<\/p>\n<p>Voceros de la Legislatura indicaron que en el tratamiento en comisiones se a\u00f1adieron art\u00edculos que ampliaron \u201cel alcance de la emergencia para que no solo abarque a la industria l\u00e1ctea, sino tambi\u00e9n a otros integrantes como el transporte o la producci\u00f3n primaria\u201d.<\/p>\n<p>La iniciativa se propone declarar la emergencia por un plazo de 180 d\u00edas, estableci\u00e9ndose que el Poder Ejecutivo podr\u00e1 prorrogar, por \u00fanica vez, la vigencia de la misma por igual plazo igual.<\/p>\n<p>El proyecto prev\u00e9 la creaci\u00f3n del \u201cFondo Especial de Ayuda a la Producci\u00f3n Primara y la Industria L\u00e1ctea\u201d y conformado principalmente, entre otros, por los recursos previstos en el marco de la Ley Provincial N\u00b0 13622 \u201cFondo de Inversi\u00f3n y Desarrollo Productivo de la Provincia de Santa Fe\u201d sancionada por la legislatura provincial en marzo de 2017, y por lo que pueda destinar el gobierno provincial.<\/p>\n<p>Los participantes de la cadena L\u00e1ctea, alcanzados por el proyecto, gozar\u00e1n del beneficio del diferimiento en el pago de los impuestos provinciales y de los servicios prestados por el gobierno provincial, durante la vigencia del per\u00edodo de emergencia.<\/p>\n<p>Adem\u00e1s, el proyecto establece una Ayuda Social Extraordinaria para todos los trabajadores de las empresas del sector l\u00e1cteo que, en virtud de la crisis que atraviesa la industria, hayan sido suspendidos sin el pago de sus salarios o hayan sido despedidos.<\/p>\n<p>Este aporte consistir\u00e1 en una suma equivalente al 50 por ciento del salario m\u00ednimo vital y m\u00f3vil, o en su defecto el que determine el Poder Ejecutivo Provincial.<\/p>\n<p>Tambi\u00e9n se contempla la exenci\u00f3n, durante la vigencia de la emergencia, de los impuestos provinciales que deban pagar los trabajadores afectados, y dispone que la Empresa Provincial de la Energ\u00eda y la empresa prestadora del servicio de agua potable y cloacas fijen tarifas diferenciales y facilidades de pago para dicho personal.<\/p>\n<p>T\u00e9lam Agropecuario<br \/>\nhttp:\/\/www.agritotal.com<\/p>\n","protected":false},"excerpt":{"rendered":"<p>Entre otros puntos se plantea \u201casegurar la continuidad laboral de todos los trabajadores del sector y asistir socialmente a quienes hayan perdido su puesto de trabajo\u201d<\/p>\n","protected":false},"author":5,"featured_media":0,"comment_status":"open","ping_status":"open","sticky":false,"template":"","format":"standard","meta":[],"categories":[46,33,1393],"tags":[447,522,889,3748,119,2876,1339],"_links":{"self":[{"href":"http:\/\/rurallascolonias.com.ar\/index.php?rest_route=\/wp\/v2\/posts\/14386"}],"collection":[{"href":"http:\/\/rurallascolonias.com.ar\/index.php?rest_route=\/wp\/v2\/posts"}],"about":[{"href":"http:\/\/rurallascolonias.com.ar\/index.php?rest_route=\/wp\/v2\/types\/post"}],"author":[{"embeddable":true,"href":"http:\/\/rurallascolonias.com.ar\/index.php?rest_route=\/wp\/v2\/users\/5"}],"replies":[{"embeddable":true,"href":"http:\/\/rurallascolonias.com.ar\/index.php?rest_route=%2Fwp%2Fv2%2Fcomments&post=14386"}],"version-history":[{"count":1,"href":"http:\/\/rurallascolonias.com.ar\/index.php?rest_route=\/wp\/v2\/posts\/14386\/revisions"}],"predecessor-version":[{"id":14387,"href":"http:\/\/rurallascolonias.com.ar\/index.php?rest_route=\/wp\/v2\/posts\/14386\/revisions\/14387"}],"wp:attachment":[{"href":"http:\/\/rurallascolonias.com.ar\/index.php?rest_route=%2Fwp%2Fv2%2Fmedia&parent=14386"}],"wp:term":[{"taxonomy":"category","embeddable":true,"href":"http:\/\/rurallascolonias.com.ar\/index.php?rest_route=%2Fwp%2Fv2%2Fcategories&post=14386"},{"taxonomy":"post_tag","embeddable":true,"href":"http:\/\/rurallascolonias.com.ar\/index.php?rest_route=%2Fwp%2Fv2%2Ftags&post=14386"}],"curies":[{"name":"wp","href":"https:\/\/api.w.org\/{rel}","templated":true}]}}