{"id":14378,"date":"2017-05-18T15:56:15","date_gmt":"2017-05-18T15:56:15","guid":{"rendered":"http:\/\/rurallascolonias.com.ar\/?p=14378"},"modified":"2017-05-18T15:56:15","modified_gmt":"2017-05-18T15:56:15","slug":"por-primera-vez-en-12-meses-subio-la-produccion-de-leche","status":"publish","type":"post","link":"http:\/\/rurallascolonias.com.ar\/?p=14378","title":{"rendered":"Por primera vez en 12 meses subi\u00f3 la producci\u00f3n de leche"},"content":{"rendered":"<p><strong><em><a href=\"http:\/\/rurallascolonias.com.ar\/?attachment_id=7223\" rel=\"attachment wp-att-7223\"><img loading=\"lazy\" class=\"aligncenter size-full wp-image-7223\" src=\"http:\/\/rurallascolonias.com.ar\/wp-content\/uploads\/2015\/07\/lecher\u00eda-3.jpg\" alt=\"\" width=\"300\" height=\"168\" \/><\/a>En abril, la actividad en los tambos creci\u00f3 5 por ciento, seg\u00fan cifras oficiales<\/em><\/strong><!--more--><\/p>\n<p>La lecher\u00eda argentina tiene muy pocos argumentos para festejar. A la delicada situaci\u00f3n econ\u00f3mica que atraviesa la actividad se le sumaron en el \u00faltimo a\u00f1o las inundaciones que recortaron sensiblemente la producci\u00f3n. Sin embargo, abril mostr\u00f3 una recuperaci\u00f3n.<\/p>\n<p><a href=\"http:\/\/rurallascolonias.com.ar\/?attachment_id=14379\" rel=\"attachment wp-att-14379\"><img loading=\"lazy\" class=\"aligncenter size-full wp-image-14379\" src=\"http:\/\/rurallascolonias.com.ar\/wp-content\/uploads\/2017\/05\/Corto-la-racha1.jpg\" alt=\"\" width=\"977\" height=\"638\" srcset=\"http:\/\/rurallascolonias.com.ar\/wp-content\/uploads\/2017\/05\/Corto-la-racha1.jpg 977w, http:\/\/rurallascolonias.com.ar\/wp-content\/uploads\/2017\/05\/Corto-la-racha1-300x196.jpg 300w, http:\/\/rurallascolonias.com.ar\/wp-content\/uploads\/2017\/05\/Corto-la-racha1-768x502.jpg 768w, http:\/\/rurallascolonias.com.ar\/wp-content\/uploads\/2017\/05\/Corto-la-racha1-600x392.jpg 600w, http:\/\/rurallascolonias.com.ar\/wp-content\/uploads\/2017\/05\/Corto-la-racha1-624x407.jpg 624w\" sizes=\"(max-width: 977px) 100vw, 977px\" \/><\/a><\/p>\n<p>Un a\u00f1o despu\u00e9s<\/p>\n<p>Por primera vez en 12 meses, la producci\u00f3n nacional de leche creci\u00f3 en forma interanual, de acuerdo con cifras difundidas por la Subsecretar\u00eda de Lecher\u00eda de la Naci\u00f3n. El mes pasado, el nivel de actividad en los tambos creci\u00f3 cinco por ciento respecto a abril de 2016 y uno por ciento respecto a marzo pasado. La \u00faltima vez que la producci\u00f3n de leche hab\u00eda crecido respecto a un a\u00f1o atr\u00e1s hab\u00eda sido en marzo de 2016, cuando la mejora alcanz\u00f3 a uno por ciento.<\/p>\n<p>Mejora en el precio<\/p>\n<p>Para encontrar un valor de crecimiento superior o igual al cinco por ciento de abril pasado hay que retrotraerse en las estad\u00edsticas hasta noviembre de 2015, cuando la mejora fue de cinco por ciento.<\/p>\n<p>La recuperaci\u00f3n en la producci\u00f3n tambi\u00e9n vino de la mano de una mejora en el precio promedio pagado al productor: los 5,29 pesos por litro recibidos durante abril representan una mejora intermensual de dos por ciento.<\/p>\n<p>C\u00f3rdoba, la peor<\/p>\n<p>De las cuatro provincias lecheras (Buenos Aires, C\u00f3rdoba, Santa Fe y Entre R\u00edos) donde Agroindustria relev\u00f3 los precios en abril, C\u00f3rdoba fue donde los tambos percibieron el menor valor promedio: 5,17 pesos. En Entre R\u00edos, el valor abonado fue 5,37 pesos; en Buenos Aires, 5,35; y en Santa Fe, 5,26.<\/p>\n<p><a href=\"http:\/\/rurallascolonias.com.ar\/?attachment_id=14380\" rel=\"attachment wp-att-14380\"><img loading=\"lazy\" class=\"aligncenter size-full wp-image-14380\" src=\"http:\/\/rurallascolonias.com.ar\/wp-content\/uploads\/2017\/05\/Corto-la-racha2.jpg\" alt=\"\" width=\"887\" height=\"399\" srcset=\"http:\/\/rurallascolonias.com.ar\/wp-content\/uploads\/2017\/05\/Corto-la-racha2.jpg 887w, http:\/\/rurallascolonias.com.ar\/wp-content\/uploads\/2017\/05\/Corto-la-racha2-300x135.jpg 300w, http:\/\/rurallascolonias.com.ar\/wp-content\/uploads\/2017\/05\/Corto-la-racha2-768x345.jpg 768w, http:\/\/rurallascolonias.com.ar\/wp-content\/uploads\/2017\/05\/Corto-la-racha2-600x270.jpg 600w, http:\/\/rurallascolonias.com.ar\/wp-content\/uploads\/2017\/05\/Corto-la-racha2-624x281.jpg 624w\" sizes=\"(max-width: 887px) 100vw, 887px\" \/><\/a><\/p>\n<p>Exportaciones en baja<\/p>\n<p>Adem\u00e1s de disponer de menor cantidad de materia prima para procesar, la industria l\u00e1ctea muestra en lo que va del a\u00f1o una ca\u00edda en la performance exportadora. En el primer trimestre, los env\u00edos de l\u00e1cteos argentino cayeron 24 por ciento en volumen, respecto a igual per\u00edodo de 2016. El dato positivo, si se quiere, lo aporta la recuperaci\u00f3n que exhibi\u00f3 el precio de la leche en polvo entera, que entre enero y marzo hizo un promedio de 3.220 d\u00f3lares, 34 por ciento m\u00e1s que un a\u00f1o atr\u00e1s.<\/p>\n<p>http:\/\/www.agrovoz.com.ar<\/p>\n","protected":false},"excerpt":{"rendered":"<p>En abril, la actividad en los tambos creci\u00f3 5 por ciento, seg\u00fan cifras oficiales<\/p>\n","protected":false},"author":5,"featured_media":0,"comment_status":"open","ping_status":"open","sticky":false,"template":"","format":"standard","meta":[],"categories":[46],"tags":[47,362,3747],"_links":{"self":[{"href":"http:\/\/rurallascolonias.com.ar\/index.php?rest_route=\/wp\/v2\/posts\/14378"}],"collection":[{"href":"http:\/\/rurallascolonias.com.ar\/index.php?rest_route=\/wp\/v2\/posts"}],"about":[{"href":"http:\/\/rurallascolonias.com.ar\/index.php?rest_route=\/wp\/v2\/types\/post"}],"author":[{"embeddable":true,"href":"http:\/\/rurallascolonias.com.ar\/index.php?rest_route=\/wp\/v2\/users\/5"}],"replies":[{"embeddable":true,"href":"http:\/\/rurallascolonias.com.ar\/index.php?rest_route=%2Fwp%2Fv2%2Fcomments&post=14378"}],"version-history":[{"count":1,"href":"http:\/\/rurallascolonias.com.ar\/index.php?rest_route=\/wp\/v2\/posts\/14378\/revisions"}],"predecessor-version":[{"id":14381,"href":"http:\/\/rurallascolonias.com.ar\/index.php?rest_route=\/wp\/v2\/posts\/14378\/revisions\/14381"}],"wp:attachment":[{"href":"http:\/\/rurallascolonias.com.ar\/index.php?rest_route=%2Fwp%2Fv2%2Fmedia&parent=14378"}],"wp:term":[{"taxonomy":"category","embeddable":true,"href":"http:\/\/rurallascolonias.com.ar\/index.php?rest_route=%2Fwp%2Fv2%2Fcategories&post=14378"},{"taxonomy":"post_tag","embeddable":true,"href":"http:\/\/rurallascolonias.com.ar\/index.php?rest_route=%2Fwp%2Fv2%2Ftags&post=14378"}],"curies":[{"name":"wp","href":"https:\/\/api.w.org\/{rel}","templated":true}]}}