{"id":1437,"date":"2014-02-19T17:09:52","date_gmt":"2014-02-19T17:09:52","guid":{"rendered":"http:\/\/rurallascolonias.com.ar\/?p=1437"},"modified":"2014-02-19T17:09:52","modified_gmt":"2014-02-19T17:09:52","slug":"solo-nos-queda-leer-los-libros-de-historia-y-recordar-cuando-el-pais-fue-granero-del-mundo","status":"publish","type":"post","link":"http:\/\/rurallascolonias.com.ar\/?p=1437","title":{"rendered":"\u00abS\u00f3lo nos queda leer los libros de historia y recordar cuando el pa\u00eds fue granero del mundo\u00bb"},"content":{"rendered":"<div><a href=\"http:\/\/rurallascolonias.com.ar\/?attachment_id=1438\" rel=\"attachment wp-att-1438\"><img loading=\"lazy\" class=\"alignleft size-full wp-image-1438\" alt=\"FERRERO 3\" src=\"http:\/\/rurallascolonias.com.ar\/wp-content\/uploads\/2014\/02\/FERRERO-3.jpg\" width=\"337\" height=\"149\" srcset=\"http:\/\/rurallascolonias.com.ar\/wp-content\/uploads\/2014\/02\/FERRERO-3.jpg 337w, http:\/\/rurallascolonias.com.ar\/wp-content\/uploads\/2014\/02\/FERRERO-3-300x132.jpg 300w\" sizes=\"(max-width: 337px) 100vw, 337px\" \/><\/a>La entidad agropecuaria dijo que las decisiones del Poder Ejecutivo \u00able quitaron un marco previsible y transparente a todo el sector\u00bb.<!--more--><\/div>\n<div><\/div>\n<div>\n<p align=\"justify\">El presidente de\u00a0<a href=\"http:\/\/www.masproduccion.com\/%22http:\/\/www.cra.org.ar\/0\/vnc\/index.vnc\/%22\" target=\"\\&quot;_new\\&quot;\"><span style=\"text-decoration: underline;\">Confederaciones Rurales Argentinas<\/span><\/a>\u00a0(CRA), Rub\u00e9n Ferrero, critic\u00f3 la pol\u00edtica del Gobierno hacia el\u00a0<a href=\"http:\/\/www.masproduccion.com\/%22http:\/\/www.infobae.com\/temas\/campo-a713\/%22\"><span style=\"text-decoration: underline;\">campo<\/span><\/a>, reclam\u00f3 medidas para alentar la producci\u00f3n de trigo y dijo que en el pa\u00eds hay\u00a0\u00abun Ministerio de Agricultura sin ministro\u00bb.<\/p>\n<p>El presidente de CRA particip\u00f3 este s\u00e1bado de la 58\u00ba Fiesta Nacional del Trigo en Leones, C\u00f3rdoba, junto a los dem\u00e1s representantes de las entidades que integran a la\u00a0<a href=\"http:\/\/www.masproduccion.com\/%22http:\/\/search.infobae.com\/mesa-de-enlace\/%22\" target=\"\\&quot;_new\\&quot;\"><span style=\"text-decoration: underline;\">Comisi\u00f3n de Enlace<\/span><\/a>, donde cuestion\u00f3 al titular del ministerio de Agricultura, Carlos Casamiquela.<\/p>\n<p>\u00abDurante a\u00f1os reclamamos la creaci\u00f3n de un Ministerio de Agricultura. Ahora s\u00f3lo tenemos un Ministerio sin un ministro que se preocupe por la producci\u00f3n nacional,\u00a0porque s\u00f3lo se dedica a hacer pol\u00edtica en vez de accionar con medidas que incentiven a producir m\u00e1s y mejor\u00bb, dijo Ferrero.<br \/>\nEl titular de CRA consider\u00f3 que es\u00a0\u00abimperdonable la situaci\u00f3n que vive la producci\u00f3n de trigo en la Argentina, gracias a la bater\u00eda de pol\u00edticas trist\u00edsimas\u00a0que le quitaron un marco previsible y transparente a todo el sector\u00bb.<\/p>\n<p>\u00abArgentina ya no es el principal abastecedor de trigo de Brasil\u00bb, dijo Ferrero<\/p>\n<p>\u00abEn el pa\u00eds del trigo,\u00a0s\u00f3lo nos queda leer los libros de historia y recordar cuando la Argentina fue el granero del mundo\u00bb, expres\u00f3 ante productores y periodistas.<\/p>\n<p>Ferrero consider\u00f3 que para aumentar la producci\u00f3n, el Gobierno deber\u00eda \u00abreducir a cero las retenciones a la exportaci\u00f3n, quitar las cargas impositivas, otorgar cr\u00e9ditos a tasas blandas para que se produzca a largo plazo, y devolver el IVA en tiempo y forma\u00bb.<\/p>\n<p>\u00abSin estas condiciones m\u00ednimas la producci\u00f3n primaria no va a dar ninguna muestra de recuperaci\u00f3n\u00bb, interpret\u00f3. En relaci\u00f3n con la regi\u00f3n, Ferrero dijo que \u00abArgentina ya no es el principal abastecedor de trigo de Brasil.\u00a0No se sabe cu\u00e1nto se destinar\u00e1 al pa\u00eds vecino cuando hist\u00f3ricamente lo abastec\u00edamos con 3,3 millones de toneladas\u00bb.<\/p>\n<p>\u00abLa apertura de 500.000 toneladas de trigo a la exportaci\u00f3n es una de las m\u00e1s bajas de la historia, s\u00f3lo comparable con 1978. Con el trigo nos pasa lo mismo que con la cuota Hilton de carnes Premium: no podemos cumplir ni siquiera con los acuerdos internacionales\u00bb, complet\u00f3<\/p>\n<p align=\"justify\">Fuente:\u00a0<a title=\"Mas producci\u00f3n\" href=\"http:\/\/www.masproduccion.com\/\">Mas producci\u00f3n<\/a><\/p>\n<p align=\"justify\">\n<\/div>\n","protected":false},"excerpt":{"rendered":"<p>La entidad agropecuaria dijo que las decisiones del Poder Ejecutivo \u00able quitaron un marco previsible y transparente a todo el sector\u00bb.<\/p>\n","protected":false},"author":5,"featured_media":0,"comment_status":"closed","ping_status":"closed","sticky":false,"template":"","format":"standard","meta":[],"categories":[33],"tags":[581,582],"_links":{"self":[{"href":"http:\/\/rurallascolonias.com.ar\/index.php?rest_route=\/wp\/v2\/posts\/1437"}],"collection":[{"href":"http:\/\/rurallascolonias.com.ar\/index.php?rest_route=\/wp\/v2\/posts"}],"about":[{"href":"http:\/\/rurallascolonias.com.ar\/index.php?rest_route=\/wp\/v2\/types\/post"}],"author":[{"embeddable":true,"href":"http:\/\/rurallascolonias.com.ar\/index.php?rest_route=\/wp\/v2\/users\/5"}],"replies":[{"embeddable":true,"href":"http:\/\/rurallascolonias.com.ar\/index.php?rest_route=%2Fwp%2Fv2%2Fcomments&post=1437"}],"version-history":[{"count":2,"href":"http:\/\/rurallascolonias.com.ar\/index.php?rest_route=\/wp\/v2\/posts\/1437\/revisions"}],"predecessor-version":[{"id":1440,"href":"http:\/\/rurallascolonias.com.ar\/index.php?rest_route=\/wp\/v2\/posts\/1437\/revisions\/1440"}],"wp:attachment":[{"href":"http:\/\/rurallascolonias.com.ar\/index.php?rest_route=%2Fwp%2Fv2%2Fmedia&parent=1437"}],"wp:term":[{"taxonomy":"category","embeddable":true,"href":"http:\/\/rurallascolonias.com.ar\/index.php?rest_route=%2Fwp%2Fv2%2Fcategories&post=1437"},{"taxonomy":"post_tag","embeddable":true,"href":"http:\/\/rurallascolonias.com.ar\/index.php?rest_route=%2Fwp%2Fv2%2Ftags&post=1437"}],"curies":[{"name":"wp","href":"https:\/\/api.w.org\/{rel}","templated":true}]}}